{"id":209432,"date":"2023-01-24T01:30:04","date_gmt":"2023-01-24T04:30:04","guid":{"rendered":"https:\/\/diarioregionaldigital.com.br\/?p=209432"},"modified":"2023-01-24T01:30:04","modified_gmt":"2023-01-24T04:30:04","slug":"praca-ceu-ira-sediar-atracoes-gratuitas-da-mostra-da-diversidade-cultural","status":"publish","type":"post","link":"https:\/\/diarioregionaldigital.com.br\/?p=209432","title":{"rendered":"Pra\u00e7a CEU ir\u00e1 sediar atra\u00e7\u00f5es gratuitas da Mostra da Diversidade Cultural"},"content":{"rendered":"<p>Segundo informa\u00e7\u00f5es do site da Prefeitura de Juiz de Fora (PJF), a\u00a0Pra\u00e7a CEU (Centro de Artes e Esportes Unificados) ser\u00e1 palco de uma s\u00e9rie de atra\u00e7\u00f5es gratuitas da \u201cMostra da Diversidade Cultural: Imagens da Cultura Popular\u201d, que acontecer\u00e1 pela primeira vez em Juiz de Fora a partir desta sexta-feira, 27. A iniciativa \u00e9 da ONG Favela \u00e9 Isso A\u00ed, que desde 2016 integra o Programa Forma e Transforma da Funda\u00e7\u00e3o ArcelorMittal. Esta edi\u00e7\u00e3o \u00e9 viabilizada com recursos da Lei Estadual de Incentivo \u00e0 Cultura de Minas Gerais e tem o apoio da Prefeitura de Juiz de Fora (PJF), por meio da Funda\u00e7\u00e3o Cultural Alfredo Ferreira Lage (Funalfa), e da Associa\u00e7\u00e3o Cultural Arte e Vida (Acav).<br \/>\nA programa\u00e7\u00e3o da mostra segue at\u00e9 10 de fevereiro, e os eventos da Pra\u00e7a CEU est\u00e3o agendados para os dias 27, 28 e 29, sexta a domingo. As atividades que ser\u00e3o sediadas no equipamento urbano, que \u00e9 mantido pela PJF, est\u00e3o rodas de samba, mostra fotogr\u00e1fica, cortejo, discotecagem, dan\u00e7a, slam, graffiti, capoeira e espet\u00e1culo circense, entre outras atra\u00e7\u00f5es para p\u00fablicos de todas as idades.<br \/>\nO principal objetivo da Mostra da Diversidade Cultural \u00e9 apoiar e divulgar a produ\u00e7\u00e3o de agentes culturais, artistas e comunidades, a partir de a\u00e7\u00f5es variadas: forma\u00e7\u00e3o art\u00edstico-cultural, premia\u00e7\u00f5es e apresenta\u00e7\u00f5es culturais, al\u00e9m de atividades de contrapartida social em escolas, espa\u00e7os p\u00fablicos e institui\u00e7\u00f5es do terceiro setor.<br \/>\nEm Juiz de Fora, foram selecionados 25 projetos, entre cerca de cem inscri\u00e7\u00f5es recebidas. A sele\u00e7\u00e3o buscou se pautar pela descentraliza\u00e7\u00e3o das produ\u00e7\u00f5es e pela diversidade de manifesta\u00e7\u00f5es locais.<br \/>\n<strong>Confira a programa\u00e7\u00e3o completa:<\/strong><\/p>\n<p>&nbsp;<\/p>\n<p><strong>* Dia 27 de janeiro<\/strong><\/p>\n<p>Local: Cal\u00e7ad\u00e3o da Rua Halfeld<\/p>\n<p>12h \u2013 Fragmento Vermelho \u2013 performance de dan\u00e7a<\/p>\n<p>&nbsp;<\/p>\n<p><strong>* Dia 27 de janeiro<\/strong><\/p>\n<p>Local: Pra\u00e7a CEU<\/p>\n<p>17h &#8211; Quando o Carnaval voltar \u2013 exposi\u00e7\u00e3o fotogr\u00e1fica<\/p>\n<p>18h30 \u2013 Grupo Juiz de Fora em Serenata \u2013 apresenta\u00e7\u00e3o musical<\/p>\n<p>19h30 \u2013 Violas e hist\u00f3rias \u2013 m\u00fasica e causos<\/p>\n<p>20h30 \u2013 O Peso da Pele \u2013 show Alessandra Crispin<\/p>\n<p>&nbsp;<\/p>\n<p><strong>* Dia 28 de janeiro<\/strong><\/p>\n<p>Local: Pra\u00e7a CEU<\/p>\n<p>09h30 \u2013 Aul\u00e3o de samba de gafieira<\/p>\n<p>10h \u2013 Pedepoesia \u2013 poesia, teatro e m\u00fasica<\/p>\n<p>11h \u2013 O Grande Cirquinho \u2013 cortejo e espet\u00e1culo<\/p>\n<p>13h \u2013 Flora Brasilis \u2013 apresenta\u00e7\u00e3o musical<\/p>\n<p>14h \u2013 Filhos do Arco-\u00cdris \u2013 interven\u00e7\u00e3o c\u00eanica<\/p>\n<p>15h \u2013 Mulheres do Samba de JF \u2013 roda de samba<\/p>\n<p>16h30 &#8211; Zumzumzum convida Vinil \u00e9 Arte &#8211; discotecagem e apresenta\u00e7\u00e3o musical<\/p>\n<p>&nbsp;<\/p>\n<p><strong>* Dia 29 de janeiro<\/strong><\/p>\n<p>Local: Centro de Artes e Esportes Unificados (Pra\u00e7a CEU)<\/p>\n<p>10h \u2013 Mulheres de Bambas \u2013 roda e jogo de capoeira<\/p>\n<p>11h \u2013 Grupo Afrolata Express\u00f5es \u2013 show<\/p>\n<p>12h \u2013 Afox\u00e9 Filhos de Oy\u00e1 \u2013 m\u00fasica e dan\u00e7a<\/p>\n<p>13h \u2013 Bloco Afro Muvuka \u2013 show<\/p>\n<p>14h \u2013 Confraria dos Poetas \u2013 roda de poesia<\/p>\n<p>16h \u2013 Batalha Diversa \u2013 improvisos Hip Hop<\/p>\n<p>17h \u2013 Caf\u00e9 com Hip Hop \u2013 batalhas, graffiti e DJ<\/p>\n<p>&nbsp;<\/p>\n<p><strong>* Dia 29 de janeiro<\/strong><\/p>\n<p>Local: Marcha Trans &#8211; Pra\u00e7a da Esta\u00e7\u00e3o<\/p>\n<p>14h \u2013 Trava Ball \u2013 baile, apresenta\u00e7\u00f5es e batalha de performance<\/p>\n<p>&nbsp;<\/p>\n<p><strong>* Dia 4 de fevereiro<\/strong><\/p>\n<p>Local: Pra\u00e7a Padre Geraldo Pelzers\u00a0&#8211;\u00a0Santa Luzia<\/p>\n<p>16h \u2013 Associa\u00e7\u00e3o de Capoeira Corpo e Alma \u2013 a\u00e7\u00e3o coletiva com capoeiristas<\/p>\n<p>&nbsp;<\/p>\n<p><strong>* Dia 5 de fevereiro<\/strong><\/p>\n<p>Local: Viaduto H\u00e9lio Fadel<\/p>\n<p>13h \u2013 Espa\u00e7o Hip Hop \u2013 batalhas, Graffiti, Rap e DJ, shows e cypher<\/p>\n<p>16h &#8211; O Beco \u00e9 a sa\u00edda &#8211; exposi\u00e7\u00e3o fotogr\u00e1fica<\/p>\n<p>17h \u2013 Sereias da Mata \u2013 interven\u00e7\u00e3o de Graffiti<\/p>\n<p>&nbsp;<\/p>\n<p><strong>* Dia 10 de fevereiro<\/strong><\/p>\n<p>Local: Associa\u00e7\u00e3o de Moradores do Bairro Monte Verde<\/p>\n<p>9h &#8211; Workshop ritmos musicais<\/p>\n","protected":false},"excerpt":{"rendered":"<p>Segundo informa\u00e7\u00f5es do site da Prefeitura de Juiz de Fora (PJF), a\u00a0Pra\u00e7a CEU (Centro de Artes e Esportes Unificados) ser\u00e1 palco de uma s\u00e9rie de atra\u00e7\u00f5es gratuitas da \u201cMostra da Diversidade Cultural: Imagens da Cultura Popular\u201d, que acontecer\u00e1 pela primeira vez em Juiz de Fora a partir desta sexta-feira, 27. A iniciativa \u00e9 da ONG [&hellip;]<\/p>\n","protected":false},"author":246,"featured_media":209433,"comment_status":"closed","ping_status":"closed","sticky":false,"template":"","format":"standard","meta":{"footnotes":""},"categories":[253,436,439],"tags":[],"class_list":["post-209432","post","type-post","status-publish","format-standard","has-post-thumbnail","hentry","category-cidade","category-destaque-da-semana","category-ultima-hora"],"_links":{"self":[{"href":"https:\/\/diarioregionaldigital.com.br\/index.php?rest_route=\/wp\/v2\/posts\/209432","targetHints":{"allow":["GET"]}}],"collection":[{"href":"https:\/\/diarioregionaldigital.com.br\/index.php?rest_route=\/wp\/v2\/posts"}],"about":[{"href":"https:\/\/diarioregionaldigital.com.br\/index.php?rest_route=\/wp\/v2\/types\/post"}],"author":[{"embeddable":true,"href":"https:\/\/diarioregionaldigital.com.br\/index.php?rest_route=\/wp\/v2\/users\/246"}],"replies":[{"embeddable":true,"href":"https:\/\/diarioregionaldigital.com.br\/index.php?rest_route=%2Fwp%2Fv2%2Fcomments&post=209432"}],"version-history":[{"count":2,"href":"https:\/\/diarioregionaldigital.com.br\/index.php?rest_route=\/wp\/v2\/posts\/209432\/revisions"}],"predecessor-version":[{"id":209435,"href":"https:\/\/diarioregionaldigital.com.br\/index.php?rest_route=\/wp\/v2\/posts\/209432\/revisions\/209435"}],"wp:featuredmedia":[{"embeddable":true,"href":"https:\/\/diarioregionaldigital.com.br\/index.php?rest_route=\/wp\/v2\/media\/209433"}],"wp:attachment":[{"href":"https:\/\/diarioregionaldigital.com.br\/index.php?rest_route=%2Fwp%2Fv2%2Fmedia&parent=209432"}],"wp:term":[{"taxonomy":"category","embeddable":true,"href":"https:\/\/diarioregionaldigital.com.br\/index.php?rest_route=%2Fwp%2Fv2%2Fcategories&post=209432"},{"taxonomy":"post_tag","embeddable":true,"href":"https:\/\/diarioregionaldigital.com.br\/index.php?rest_route=%2Fwp%2Fv2%2Ftags&post=209432"}],"curies":[{"name":"wp","href":"https:\/\/api.w.org\/{rel}","templated":true}]}}