{"id":209428,"date":"2023-01-24T01:27:26","date_gmt":"2023-01-24T04:27:26","guid":{"rendered":"https:\/\/diarioregionaldigital.com.br\/?p=209428"},"modified":"2023-01-24T01:27:26","modified_gmt":"2023-01-24T04:27:26","slug":"publico-para-a-vacina-contra-a-catapora-e-ampliado-temporariamente","status":"publish","type":"post","link":"https:\/\/diarioregionaldigital.com.br\/?p=209428","title":{"rendered":"P\u00fablico para a vacina contra a Catapora \u00e9 ampliado temporariamente"},"content":{"rendered":"<p>Segundo informa\u00e7\u00f5es do site da Prefeitura de Juiz de Fora (PJF), a Prefeitura de Juiz de Fora (PJF) informa que, seguindo recomenda\u00e7\u00f5es da Secretaria de Estado de Sa\u00fade de Minas Gerais (SES-MG), foram ampliados temporariamente os p\u00fablicos para a vacina contra a Varicela (Catapora). A amplia\u00e7\u00e3o acontece para o melhor aproveitamento de lotes espec\u00edficos da vacina recebidos pelo munic\u00edpio.<\/p>\n<p>Os profissionais de sa\u00fade, sem limite de idade, n\u00e3o vacinados contra a varicela e as crian\u00e7as de sete a 14 anos de idade, n\u00e3o vacinados ou que tenham tomado apenas uma dose, podem procurar pelos imunizantes nas Unidades B\u00e1sicas de Sa\u00fade (UBS), de 8h \u00e0s 10h30 e de 13h \u00e0s 16h, e no Departamento de Sa\u00fade da Mulher, Gestante, Crian\u00e7a e do Adolescente (DMGCA), na\u00a0Rua S\u00e3o Sebasti\u00e3o, 772\/776, Centro, de 8h \u00e0s 14h, exclusivamente para menores de 14 anos.<\/p>\n<p>Assim que acabarem os respectivos lotes, voltar\u00e3o a ser imunizados somente os grupos da rotina, as crian\u00e7as de 15 meses e quatro anos e os profissionais da sa\u00fade que trabalham na \u00e1rea assistencial.<\/p>\n","protected":false},"excerpt":{"rendered":"<p>Segundo informa\u00e7\u00f5es do site da Prefeitura de Juiz de Fora (PJF), a Prefeitura de Juiz de Fora (PJF) informa que, seguindo recomenda\u00e7\u00f5es da Secretaria de Estado de Sa\u00fade de Minas Gerais (SES-MG), foram ampliados temporariamente os p\u00fablicos para a vacina contra a Varicela (Catapora). A amplia\u00e7\u00e3o acontece para o melhor aproveitamento de lotes espec\u00edficos da [&hellip;]<\/p>\n","protected":false},"author":246,"featured_media":209430,"comment_status":"closed","ping_status":"closed","sticky":false,"template":"","format":"standard","meta":{"footnotes":""},"categories":[253,436,440,439],"tags":[],"class_list":["post-209428","post","type-post","status-publish","format-standard","has-post-thumbnail","hentry","category-cidade","category-destaque-da-semana","category-destaques-do-dia","category-ultima-hora"],"_links":{"self":[{"href":"https:\/\/diarioregionaldigital.com.br\/index.php?rest_route=\/wp\/v2\/posts\/209428","targetHints":{"allow":["GET"]}}],"collection":[{"href":"https:\/\/diarioregionaldigital.com.br\/index.php?rest_route=\/wp\/v2\/posts"}],"about":[{"href":"https:\/\/diarioregionaldigital.com.br\/index.php?rest_route=\/wp\/v2\/types\/post"}],"author":[{"embeddable":true,"href":"https:\/\/diarioregionaldigital.com.br\/index.php?rest_route=\/wp\/v2\/users\/246"}],"replies":[{"embeddable":true,"href":"https:\/\/diarioregionaldigital.com.br\/index.php?rest_route=%2Fwp%2Fv2%2Fcomments&post=209428"}],"version-history":[{"count":1,"href":"https:\/\/diarioregionaldigital.com.br\/index.php?rest_route=\/wp\/v2\/posts\/209428\/revisions"}],"predecessor-version":[{"id":209431,"href":"https:\/\/diarioregionaldigital.com.br\/index.php?rest_route=\/wp\/v2\/posts\/209428\/revisions\/209431"}],"wp:featuredmedia":[{"embeddable":true,"href":"https:\/\/diarioregionaldigital.com.br\/index.php?rest_route=\/wp\/v2\/media\/209430"}],"wp:attachment":[{"href":"https:\/\/diarioregionaldigital.com.br\/index.php?rest_route=%2Fwp%2Fv2%2Fmedia&parent=209428"}],"wp:term":[{"taxonomy":"category","embeddable":true,"href":"https:\/\/diarioregionaldigital.com.br\/index.php?rest_route=%2Fwp%2Fv2%2Fcategories&post=209428"},{"taxonomy":"post_tag","embeddable":true,"href":"https:\/\/diarioregionaldigital.com.br\/index.php?rest_route=%2Fwp%2Fv2%2Ftags&post=209428"}],"curies":[{"name":"wp","href":"https:\/\/api.w.org\/{rel}","templated":true}]}}