{"id":209421,"date":"2023-01-24T01:10:39","date_gmt":"2023-01-24T04:10:39","guid":{"rendered":"https:\/\/diarioregionaldigital.com.br\/?p=209421"},"modified":"2023-01-24T01:10:39","modified_gmt":"2023-01-24T04:10:39","slug":"volei-de-praia-campeao-olimpico-bruno-schmidt-anuncia-aposentadoria","status":"publish","type":"post","link":"https:\/\/diarioregionaldigital.com.br\/?p=209421","title":{"rendered":"V\u00f4lei de Praia: campe\u00e3o ol\u00edmpico Bruno Schmidt anuncia aposentadoria"},"content":{"rendered":"<p>O jogador de v\u00f4lei de praia Bruno Schmidt, de 36 anos, anunciou a aposentadoria neste domingo (22), durante entrevista ao programa\u00a0<em>Globo Esporte,<\/em>\u00a0da TV Globo. Campe\u00e3o ol\u00edmpico nos Jogos Rio 2016, em dupla como Alison Mamute, o atleta capixaba revelou o motivo que o levou a decidir pelo fim da carreira esportiva profissional.<img decoding=\"async\" src=\"https:\/\/agenciabrasil.ebc.com.br\/ebc.png?id=1505567&amp;o=node\" \/><img decoding=\"async\" src=\"https:\/\/agenciabrasil.ebc.com.br\/ebc.gif?id=1505567&amp;o=node\" \/><\/p>\n<blockquote><p>\u201cN\u00e3o me vejo mais como atleta de alto rendimento, jogando da maneira como eu jogava l\u00e1 atr\u00e1s. Isso machuca muito, mais do que derrotas, do que dores. Eu n\u00e3o me vejo mais como em 2016. Eu me comparo com isso. Chegou o momento para mim&#8221;, disse Schmidt, eleito duas vezes o melhor jogador do circuito mundial (2015 e 2016).<\/p><\/blockquote>\n<p>Refer\u00eancia do v\u00f4lei de praia do pa\u00eds, o jogador j\u00e1\u00a0tra\u00e7ou seu futuro p\u00f3s-quadras. Graduado em Direito no ano passado, Schmidt quer aproveitar o tempo livre para estudar para o exame da Ordem dos Advogados do Brasil (OAB) em fevereiro. Somente os aprovados na avalia\u00e7\u00e3o podem trabalhar como advogado.<\/p>\n<blockquote><p>&#8220;Um dos motivos de estar parando \u00e9 para ter tempo e energia para encarar esse novo desafio. Eu gosto disso, \u00e9 o que me faz acordar cedo no dia seguinte&#8221;, disse o atleta.<\/p><\/blockquote>\n<p>A Confedera\u00e7\u00e3o Brasileira de V\u00f4lei (CBV) tamb\u00e9m\u00a0 prestou homenagem ao campe\u00e3o ol\u00edmpico em publica\u00e7\u00e3o no Instagram.\u00a0&#8220;Bruno hoje se despede das quadras. Sentiremos falta dos seus lances m\u00e1gicos, mas o orgulho e os aplausos s\u00e3o eternos!\u00a0Seja feliz no novo caminho, campe\u00e3o! Obrigado por tudo!&#8221;.<\/p>\n<p><span style=\"font-weight: 400;\">Fonte: Ag\u00eancia Brasil <\/span><\/p>\n","protected":false},"excerpt":{"rendered":"<p>O jogador de v\u00f4lei de praia Bruno Schmidt, de 36 anos, anunciou a aposentadoria neste domingo (22), durante entrevista ao programa\u00a0Globo Esporte,\u00a0da TV Globo. Campe\u00e3o ol\u00edmpico nos Jogos Rio 2016, em dupla como Alison Mamute, o atleta capixaba revelou o motivo que o levou a decidir pelo fim da carreira esportiva profissional. \u201cN\u00e3o me vejo [&hellip;]<\/p>\n","protected":false},"author":246,"featured_media":209422,"comment_status":"closed","ping_status":"closed","sticky":false,"template":"","format":"standard","meta":{"footnotes":""},"categories":[436,257,439],"tags":[],"class_list":["post-209421","post","type-post","status-publish","format-standard","has-post-thumbnail","hentry","category-destaque-da-semana","category-esporte","category-ultima-hora"],"_links":{"self":[{"href":"https:\/\/diarioregionaldigital.com.br\/index.php?rest_route=\/wp\/v2\/posts\/209421","targetHints":{"allow":["GET"]}}],"collection":[{"href":"https:\/\/diarioregionaldigital.com.br\/index.php?rest_route=\/wp\/v2\/posts"}],"about":[{"href":"https:\/\/diarioregionaldigital.com.br\/index.php?rest_route=\/wp\/v2\/types\/post"}],"author":[{"embeddable":true,"href":"https:\/\/diarioregionaldigital.com.br\/index.php?rest_route=\/wp\/v2\/users\/246"}],"replies":[{"embeddable":true,"href":"https:\/\/diarioregionaldigital.com.br\/index.php?rest_route=%2Fwp%2Fv2%2Fcomments&post=209421"}],"version-history":[{"count":1,"href":"https:\/\/diarioregionaldigital.com.br\/index.php?rest_route=\/wp\/v2\/posts\/209421\/revisions"}],"predecessor-version":[{"id":209423,"href":"https:\/\/diarioregionaldigital.com.br\/index.php?rest_route=\/wp\/v2\/posts\/209421\/revisions\/209423"}],"wp:featuredmedia":[{"embeddable":true,"href":"https:\/\/diarioregionaldigital.com.br\/index.php?rest_route=\/wp\/v2\/media\/209422"}],"wp:attachment":[{"href":"https:\/\/diarioregionaldigital.com.br\/index.php?rest_route=%2Fwp%2Fv2%2Fmedia&parent=209421"}],"wp:term":[{"taxonomy":"category","embeddable":true,"href":"https:\/\/diarioregionaldigital.com.br\/index.php?rest_route=%2Fwp%2Fv2%2Fcategories&post=209421"},{"taxonomy":"post_tag","embeddable":true,"href":"https:\/\/diarioregionaldigital.com.br\/index.php?rest_route=%2Fwp%2Fv2%2Ftags&post=209421"}],"curies":[{"name":"wp","href":"https:\/\/api.w.org\/{rel}","templated":true}]}}