{"id":209418,"date":"2023-01-24T01:08:26","date_gmt":"2023-01-24T04:08:26","guid":{"rendered":"https:\/\/diarioregionaldigital.com.br\/?p=209418"},"modified":"2023-01-24T01:08:26","modified_gmt":"2023-01-24T04:08:26","slug":"temporada-2023-do-circuito-mundial-de-surfe-comeca-domingo-no-havai","status":"publish","type":"post","link":"https:\/\/diarioregionaldigital.com.br\/?p=209418","title":{"rendered":"Temporada 2023 do circuito mundial de surfe come\u00e7a domingo, no Hava\u00ed"},"content":{"rendered":"<p>A Liga Mundial de Surfe (WSL, sigla em ingl\u00eas) definiu nesta segunda-feira (23) o calend\u00e1rio das 11 etapas da temporada 2023. A abertura ser\u00e1 no Hava\u00ed, com o in\u00edcio da janela na praia de Pipeline, na Ilha de Oahu, no pr\u00f3ximo domingo (29). O Brasil competir\u00e1 com 10 atletas entre os 36 participantes na disputa masculina. Gabriel Medina volta a competir este ano, junto com Filipe Toledo, \u00cdtalo Ferreira, Caio Ibelli, Jadson Andr\u00e9, Yago Dora, os irm\u00e3os Miguel e Samuel Pupo, al\u00e9m de Jo\u00e3o Chianca e Michael Rodrigues, ambos classificados no Challenger S\u00e9ries. J\u00e1 no feminino, o Brasil conta apenas com a ga\u00facha Tatiana Weston-Webb entre as 18 competidoras.<img decoding=\"async\" src=\"https:\/\/agenciabrasil.ebc.com.br\/ebc.png?id=1505634&amp;o=node\" \/><img decoding=\"async\" src=\"https:\/\/agenciabrasil.ebc.com.br\/ebc.gif?id=1505634&amp;o=node\" \/><\/p>\n<p>A etapa brasileira ocorrer\u00e1 em Saquarema (RJ), de 23 de junho a 1\u00ba de julho, ap\u00f3s o corte de notas no meio da temporada. Assim como no ano passado, ap\u00f3s cinco etapas do circuito avan\u00e7ar\u00e3o os surfistas (homens e mulheres) com melhores m\u00e9dias. Entre os homens, dos 36 que iniciarem a disputa, seguir\u00e3o apenas 24 na competi\u00e7\u00e3o. J\u00e1 no feminino, das 18 participantes, apenas 12 continuar\u00e3o na busca pelo t\u00edtulo mundial. Quem ficar pelo caminho, disputar\u00e1 a divis\u00e3o de acesso \u00e0 elite da modalidade,\u00a0a Challenger S\u00e9ries.<\/p>\n<p>O t\u00e9rmino da temporada 2023 est\u00e1 previsto para o per\u00edodo de 7 a 15 de setembro, com as Finais da WSL na praia de Trestles, na Calif\u00f3rnia (Estados Unidos). A competi\u00e7\u00e3o final, em formato de mata-mata, reunir\u00e1 os cinco melhores do ano em cada g\u00eanero (feminino e masculino).<\/p>\n<p><span style=\"font-weight: 400;\"><br \/>\n<\/span><span style=\"font-weight: 400;\">Fonte: Ag\u00eancia Brasil <\/span><\/p>\n","protected":false},"excerpt":{"rendered":"<p>A Liga Mundial de Surfe (WSL, sigla em ingl\u00eas) definiu nesta segunda-feira (23) o calend\u00e1rio das 11 etapas da temporada 2023. A abertura ser\u00e1 no Hava\u00ed, com o in\u00edcio da janela na praia de Pipeline, na Ilha de Oahu, no pr\u00f3ximo domingo (29). O Brasil competir\u00e1 com 10 atletas entre os 36 participantes na disputa [&hellip;]<\/p>\n","protected":false},"author":246,"featured_media":209419,"comment_status":"closed","ping_status":"closed","sticky":false,"template":"","format":"standard","meta":{"footnotes":""},"categories":[436,257,439],"tags":[],"class_list":["post-209418","post","type-post","status-publish","format-standard","has-post-thumbnail","hentry","category-destaque-da-semana","category-esporte","category-ultima-hora"],"_links":{"self":[{"href":"https:\/\/diarioregionaldigital.com.br\/index.php?rest_route=\/wp\/v2\/posts\/209418","targetHints":{"allow":["GET"]}}],"collection":[{"href":"https:\/\/diarioregionaldigital.com.br\/index.php?rest_route=\/wp\/v2\/posts"}],"about":[{"href":"https:\/\/diarioregionaldigital.com.br\/index.php?rest_route=\/wp\/v2\/types\/post"}],"author":[{"embeddable":true,"href":"https:\/\/diarioregionaldigital.com.br\/index.php?rest_route=\/wp\/v2\/users\/246"}],"replies":[{"embeddable":true,"href":"https:\/\/diarioregionaldigital.com.br\/index.php?rest_route=%2Fwp%2Fv2%2Fcomments&post=209418"}],"version-history":[{"count":1,"href":"https:\/\/diarioregionaldigital.com.br\/index.php?rest_route=\/wp\/v2\/posts\/209418\/revisions"}],"predecessor-version":[{"id":209420,"href":"https:\/\/diarioregionaldigital.com.br\/index.php?rest_route=\/wp\/v2\/posts\/209418\/revisions\/209420"}],"wp:featuredmedia":[{"embeddable":true,"href":"https:\/\/diarioregionaldigital.com.br\/index.php?rest_route=\/wp\/v2\/media\/209419"}],"wp:attachment":[{"href":"https:\/\/diarioregionaldigital.com.br\/index.php?rest_route=%2Fwp%2Fv2%2Fmedia&parent=209418"}],"wp:term":[{"taxonomy":"category","embeddable":true,"href":"https:\/\/diarioregionaldigital.com.br\/index.php?rest_route=%2Fwp%2Fv2%2Fcategories&post=209418"},{"taxonomy":"post_tag","embeddable":true,"href":"https:\/\/diarioregionaldigital.com.br\/index.php?rest_route=%2Fwp%2Fv2%2Ftags&post=209418"}],"curies":[{"name":"wp","href":"https:\/\/api.w.org\/{rel}","templated":true}]}}