{"id":209412,"date":"2023-01-24T01:00:28","date_gmt":"2023-01-24T04:00:28","guid":{"rendered":"https:\/\/diarioregionaldigital.com.br\/?p=209412"},"modified":"2023-01-24T01:00:28","modified_gmt":"2023-01-24T04:00:28","slug":"ministro-anuncia-parceria-entre-a-ebc-e-canais-publicos-argentinos","status":"publish","type":"post","link":"https:\/\/diarioregionaldigital.com.br\/?p=209412","title":{"rendered":"Ministro anuncia parceria entre a EBC e canais p\u00fablicos argentinos"},"content":{"rendered":"<p>O ministro-chefe da Secretaria de Comunica\u00e7\u00e3o Social da Presid\u00eancia da Rep\u00fablica, Paulo Pimenta, visitou hoje (20) as instala\u00e7\u00f5es da TV P\u00fablica da Argentina (TVP), em Buenos Aires. Ele est\u00e1 na\u00a0capital argentina para encontros pr\u00e9vios \u00e0 viagem do presidente Luiz In\u00e1cio Lula da Silva, que embarca para a Argentina no pr\u00f3ximo domingo (22) para a primeira viagem internacional do novo mandato.<img decoding=\"async\" src=\"https:\/\/agenciabrasil.ebc.com.br\/ebc.png?id=1505398&amp;o=node\" \/><img decoding=\"async\" src=\"https:\/\/agenciabrasil.ebc.com.br\/ebc.gif?id=1505398&amp;o=node\" \/><\/p>\n<p>Ap\u00f3s a visita, em entrevista \u00e0\u00a0<strong>TV Brasil<\/strong>, da\u00a0<strong>Empresa Brasil de Comunica\u00e7\u00e3o (EBC)<\/strong>, e \u00e0 TVP, Pimenta afirmou que pretende assinar um termo de coopera\u00e7\u00e3o entre os dois canais para a troca de experi\u00eancias.<\/p>\n<p>&#8220;O trabalho de comunica\u00e7\u00e3o p\u00fablica da Argentina \u00e9 \u00a0muito conhecido e respeitado. Na TV p\u00fablica, nas r\u00e1dios, na ag\u00eancia de not\u00edcias&#8221;, destacou.<\/p>\n<p>\u201cQueremos que o primeiro conv\u00eanio da\u00a0<strong>Empresa Brasil de Comunica\u00e7\u00e3o<\/strong>, a\u00a0<strong>EBC<\/strong>, agora no governo Lula, seja firmado com a TV p\u00fablica da Argentina, com os meios de comunica\u00e7\u00e3o p\u00fablicos argentinos&#8221;, acrescentou.<\/p>\n<p>A TVP \u00e9 uma emissora da R\u00e1dio e Televis\u00e3o Argentina (RTA), uma empresa p\u00fablica respons\u00e1vel pela gest\u00e3o da TV p\u00fablica, da R\u00e1dio Nacional, Canal 12, TV P\u00fablica Regional e do Servi\u00e7o de Radiodifus\u00e3o Argentina no Exterior. Foi criada pela Lei de Servi\u00e7os de Comunica\u00e7\u00e3o Audiovisual, de 2009.<\/p>\n<p>A empresa tamb\u00e9m faz a gest\u00e3o da ag\u00eancia de not\u00edcias (T\u00e9lam) e do Canal Encontro (Encuentro), que oferece uma programa\u00e7\u00e3o de document\u00e1rios, programas de debate e produ\u00e7\u00f5es independentes.<\/p>\n<h2>Transi\u00e7\u00e3o<\/h2>\n<p>O ministro Paulo Pimenta tamb\u00e9m comentou as recentes\u00a0<a href=\"https:\/\/agenciabrasil.ebc.com.br\/geral\/noticia\/2023-01\/ebc-reencontrara-seu-proposito-diz-nova-presidenta-kariane-costa\" target=\"_blank\" rel=\"noopener\">mudan\u00e7as no comando da<\/a>\u00a0<strong>EBC<\/strong>, com a destitui\u00e7\u00e3o da antiga diretoria e a nomea\u00e7\u00e3o de um comando provis\u00f3rio formado por empregados concursados e representantes da sociedade civil e do governo.<\/p>\n<p>&#8220;Constitu\u00edmos uma dire\u00e7\u00e3o provis\u00f3ria, com representantes dos servidores, da sociedade civil, e vamos, agora, nos pr\u00f3ximos dias, indicar os nomes que v\u00e3o compor a nova empresa, que ser\u00e3o respons\u00e1veis por essa nova fase da comunica\u00e7\u00e3o p\u00fablica no Brasil&#8221;, disse.<\/p>\n<h2>Viagem de Lula<\/h2>\n<p>A ida de\u00a0<a href=\"https:\/\/agenciabrasil.ebc.com.br\/politica\/noticia\/2023-01\/visita-de-lula-argentina-tera-acordo-sobre-antartida\" target=\"_blank\" rel=\"noopener\">Lula \u00e0 Argentina<\/a>\u00a0inaugura uma s\u00e9rie de viagens internacionais do presidente em seu terceiro mandato \u00e0 frente do governo brasileiro. Al\u00e9m de visitar a Argentina, Lula ainda ir\u00e1 ao Uruguai e, no m\u00eas que vem, aos Estados Unidos. Tamb\u00e9m est\u00e1 confirmada uma viagem \u00e0 China, em mar\u00e7o.<\/p>\n<p>Al\u00e9m da agenda bilateral na Argentina, na segunda-feira (23), Lula participar\u00e1 da reuni\u00e3o de c\u00fapula da Comunidade de Estados Latino-Americanos e do Caribe (Celac), colegiado do qual o Brasil voltou a participar, ap\u00f3s ter se retirado durante o governo de Jair Bolsonaro. Este encontro ocorre na ter\u00e7a-feira (24). No dia seguinte, o presidente faz uma visita ao Uruguai e, em seguida, retorna ao Brasil.<\/p>\n<p>Segundo Paulo Pimenta, a expectativa da visita \u00e9 a assinatura de um amplo acordo envolvendo diferentes \u00e1reas da rela\u00e7\u00e3o bilateral.\u00a0&#8220;Ser\u00e1 o mais importante acordo de parcerias firmado at\u00e9 hoje entre Brasil e Argentina&#8221;, enfatizou. Ele destacou o simbolismo do destino da primeira viagem internacional de Lula neste mandato.<\/p>\n<p>&#8220;\u00c9 tamb\u00e9m uma demonstra\u00e7\u00e3o do respeito e do reconhecimento do que significa para n\u00f3s a parceria com a Argentina, e especialmente um projeto para toda a Am\u00e9rica do Sul e Am\u00e9rica Latina&#8221;, disse.<\/p>\n<p><span style=\"font-weight: 400;\">Fonte: Ag\u00eancia Brasil\u00a0<\/span><span style=\"font-weight: 400;\"><br \/>\n<\/span><\/p>\n","protected":false},"excerpt":{"rendered":"<p>O ministro-chefe da Secretaria de Comunica\u00e7\u00e3o Social da Presid\u00eancia da Rep\u00fablica, Paulo Pimenta, visitou hoje (20) as instala\u00e7\u00f5es da TV P\u00fablica da Argentina (TVP), em Buenos Aires. Ele est\u00e1 na\u00a0capital argentina para encontros pr\u00e9vios \u00e0 viagem do presidente Luiz In\u00e1cio Lula da Silva, que embarca para a Argentina no pr\u00f3ximo domingo (22) para a primeira [&hellip;]<\/p>\n","protected":false},"author":246,"featured_media":209413,"comment_status":"closed","ping_status":"closed","sticky":false,"template":"","format":"standard","meta":{"footnotes":""},"categories":[436,254,439],"tags":[],"class_list":["post-209412","post","type-post","status-publish","format-standard","has-post-thumbnail","hentry","category-destaque-da-semana","category-politica","category-ultima-hora"],"_links":{"self":[{"href":"https:\/\/diarioregionaldigital.com.br\/index.php?rest_route=\/wp\/v2\/posts\/209412","targetHints":{"allow":["GET"]}}],"collection":[{"href":"https:\/\/diarioregionaldigital.com.br\/index.php?rest_route=\/wp\/v2\/posts"}],"about":[{"href":"https:\/\/diarioregionaldigital.com.br\/index.php?rest_route=\/wp\/v2\/types\/post"}],"author":[{"embeddable":true,"href":"https:\/\/diarioregionaldigital.com.br\/index.php?rest_route=\/wp\/v2\/users\/246"}],"replies":[{"embeddable":true,"href":"https:\/\/diarioregionaldigital.com.br\/index.php?rest_route=%2Fwp%2Fv2%2Fcomments&post=209412"}],"version-history":[{"count":1,"href":"https:\/\/diarioregionaldigital.com.br\/index.php?rest_route=\/wp\/v2\/posts\/209412\/revisions"}],"predecessor-version":[{"id":209414,"href":"https:\/\/diarioregionaldigital.com.br\/index.php?rest_route=\/wp\/v2\/posts\/209412\/revisions\/209414"}],"wp:featuredmedia":[{"embeddable":true,"href":"https:\/\/diarioregionaldigital.com.br\/index.php?rest_route=\/wp\/v2\/media\/209413"}],"wp:attachment":[{"href":"https:\/\/diarioregionaldigital.com.br\/index.php?rest_route=%2Fwp%2Fv2%2Fmedia&parent=209412"}],"wp:term":[{"taxonomy":"category","embeddable":true,"href":"https:\/\/diarioregionaldigital.com.br\/index.php?rest_route=%2Fwp%2Fv2%2Fcategories&post=209412"},{"taxonomy":"post_tag","embeddable":true,"href":"https:\/\/diarioregionaldigital.com.br\/index.php?rest_route=%2Fwp%2Fv2%2Ftags&post=209412"}],"curies":[{"name":"wp","href":"https:\/\/api.w.org\/{rel}","templated":true}]}}