{"id":209409,"date":"2023-01-24T00:58:21","date_gmt":"2023-01-24T03:58:21","guid":{"rendered":"https:\/\/diarioregionaldigital.com.br\/?p=209409"},"modified":"2023-01-24T00:58:21","modified_gmt":"2023-01-24T03:58:21","slug":"justica-prorroga-uso-da-forca-nacional-em-brasilia-ate-4-de-fevereiro","status":"publish","type":"post","link":"https:\/\/diarioregionaldigital.com.br\/?p=209409","title":{"rendered":"Justi\u00e7a prorroga uso da For\u00e7a Nacional em Bras\u00edlia at\u00e9 4 de fevereiro"},"content":{"rendered":"<p>Portaria publicada hoje (23) no\u00a0<em>Di\u00e1rio Oficial da Uni\u00e3o (DOU)<\/em>\u00a0prorroga at\u00e9 o dia 4 de fevereiro o uso da For\u00e7a Nacional no Distrito Federal.<img decoding=\"async\" src=\"https:\/\/agenciabrasil.ebc.com.br\/ebc.png?id=1505574&amp;o=node\" \/><img decoding=\"async\" src=\"https:\/\/agenciabrasil.ebc.com.br\/ebc.gif?id=1505574&amp;o=node\" \/><\/p>\n<p>A\u00a0<a href=\"https:\/\/www.in.gov.br\/web\/dou\/-\/portaria-mjsp-n-286-de-19-de-janeiro-de-2023-459250601\" target=\"_blank\" rel=\"noopener\">Portaria 286<\/a>, assinada pelo ministro da Justi\u00e7a e Seguran\u00e7a P\u00fablica, Fl\u00e1vio Dino, disp\u00f5e que os militares auxiliem na prote\u00e7\u00e3o da ordem p\u00fablica e do patrim\u00f4nio p\u00fablico e privado entre a Rodovi\u00e1ria de Bras\u00edlia e a Pra\u00e7a dos Tr\u00eas Poderes, assim como na prote\u00e7\u00e3o de outros bens da Uni\u00e3o situados em Bras\u00edlia.<\/p>\n<p>A medida \u00e9 mais um desdobramento preventivo ap\u00f3s os\u00a0<a href=\"https:\/\/agenciabrasil.ebc.com.br\/tags\/atos-antidemocraticos\" target=\"_blank\" rel=\"noopener\">atos de vandalismo registrados no dia 8 de janeiro<\/a>, na capital, quando radicais de extrema-direita invadiram e depredaram o Pal\u00e1cio do Planalto e os pr\u00e9dios do Congresso Nacional e do Supremo Tribunal Federal (STF).<\/p>\n<p><span style=\"font-weight: 400;\"><br \/>\n<\/span><span style=\"font-weight: 400;\">Fonte: Ag\u00eancia Brasil\u00a0<\/span><span style=\"font-weight: 400;\"><br \/>\n<\/span><\/p>\n","protected":false},"excerpt":{"rendered":"<p>Portaria publicada hoje (23) no\u00a0Di\u00e1rio Oficial da Uni\u00e3o (DOU)\u00a0prorroga at\u00e9 o dia 4 de fevereiro o uso da For\u00e7a Nacional no Distrito Federal. A\u00a0Portaria 286, assinada pelo ministro da Justi\u00e7a e Seguran\u00e7a P\u00fablica, Fl\u00e1vio Dino, disp\u00f5e que os militares auxiliem na prote\u00e7\u00e3o da ordem p\u00fablica e do patrim\u00f4nio p\u00fablico e privado entre a Rodovi\u00e1ria de [&hellip;]<\/p>\n","protected":false},"author":246,"featured_media":209410,"comment_status":"closed","ping_status":"closed","sticky":false,"template":"","format":"standard","meta":{"footnotes":""},"categories":[436,254,439],"tags":[],"class_list":["post-209409","post","type-post","status-publish","format-standard","has-post-thumbnail","hentry","category-destaque-da-semana","category-politica","category-ultima-hora"],"_links":{"self":[{"href":"https:\/\/diarioregionaldigital.com.br\/index.php?rest_route=\/wp\/v2\/posts\/209409","targetHints":{"allow":["GET"]}}],"collection":[{"href":"https:\/\/diarioregionaldigital.com.br\/index.php?rest_route=\/wp\/v2\/posts"}],"about":[{"href":"https:\/\/diarioregionaldigital.com.br\/index.php?rest_route=\/wp\/v2\/types\/post"}],"author":[{"embeddable":true,"href":"https:\/\/diarioregionaldigital.com.br\/index.php?rest_route=\/wp\/v2\/users\/246"}],"replies":[{"embeddable":true,"href":"https:\/\/diarioregionaldigital.com.br\/index.php?rest_route=%2Fwp%2Fv2%2Fcomments&post=209409"}],"version-history":[{"count":1,"href":"https:\/\/diarioregionaldigital.com.br\/index.php?rest_route=\/wp\/v2\/posts\/209409\/revisions"}],"predecessor-version":[{"id":209411,"href":"https:\/\/diarioregionaldigital.com.br\/index.php?rest_route=\/wp\/v2\/posts\/209409\/revisions\/209411"}],"wp:featuredmedia":[{"embeddable":true,"href":"https:\/\/diarioregionaldigital.com.br\/index.php?rest_route=\/wp\/v2\/media\/209410"}],"wp:attachment":[{"href":"https:\/\/diarioregionaldigital.com.br\/index.php?rest_route=%2Fwp%2Fv2%2Fmedia&parent=209409"}],"wp:term":[{"taxonomy":"category","embeddable":true,"href":"https:\/\/diarioregionaldigital.com.br\/index.php?rest_route=%2Fwp%2Fv2%2Fcategories&post=209409"},{"taxonomy":"post_tag","embeddable":true,"href":"https:\/\/diarioregionaldigital.com.br\/index.php?rest_route=%2Fwp%2Fv2%2Ftags&post=209409"}],"curies":[{"name":"wp","href":"https:\/\/api.w.org\/{rel}","templated":true}]}}