{"id":209406,"date":"2023-01-24T00:56:57","date_gmt":"2023-01-24T03:56:57","guid":{"rendered":"https:\/\/diarioregionaldigital.com.br\/?p=209406"},"modified":"2023-01-24T00:56:57","modified_gmt":"2023-01-24T03:56:57","slug":"moraes-marca-novo-depoimento-de-anderson-torres-para-2-de-fevereiro","status":"publish","type":"post","link":"https:\/\/diarioregionaldigital.com.br\/?p=209406","title":{"rendered":"Moraes marca novo depoimento de Anderson Torres para 2 de fevereiro"},"content":{"rendered":"<p>O ministro Alexandre de Moraes, do Supremo Tribunal Federal (STF), marcou um novo depoimento de Anderson Torres, ex-secret\u00e1rio de Seguran\u00e7a P\u00fablica do Distrito Federal, para 2 de fevereiro, \u00e0s 10h30, ap\u00f3s ele ter ficado em sil\u00eancio numa primeira oitiva, na semana passada.<img decoding=\"async\" src=\"https:\/\/agenciabrasil.ebc.com.br\/ebc.png?id=1505616&amp;o=node\" \/><img decoding=\"async\" src=\"https:\/\/agenciabrasil.ebc.com.br\/ebc.gif?id=1505616&amp;o=node\" \/><\/p>\n<p>A Pol\u00edcia Federal (PF) havia pedido que o depoimento fosse marcado para esta segunda-feira (23), no mesmo hor\u00e1rio, mas Moraes decidiu dar mais prazo para que a defesa de Torres possa examinar os autos das investiga\u00e7\u00f5es contra ele.<\/p>\n<p>O ex-secret\u00e1rio \u00e9 citado em ao menos tr\u00eas inqu\u00e9ritos no Supremo, todos ligados a uma suposta atua\u00e7\u00e3o golpista. Em sua casa, por exemplo, foi encontrada durante buscas da PF uma minuta (esbo\u00e7o de norma) de decreto prevendo uma interven\u00e7\u00e3o na Justi\u00e7a Eleitoral, o que seria inconstitucional.<\/p>\n<p>Ex-ministro da Justi\u00e7a e Seguran\u00e7a P\u00fablica do governo Jair Bolsonaro, est\u00e1 preso preventivamente, em um batalh\u00e3o da Pol\u00edcia Militar do Distrito Federal (DF), desde que voltou dos Estados Unidos, aonde alegou ter ido de f\u00e9rias dias antes dos v\u00e2ndalos tomarem a Pra\u00e7a dos Tr\u00eas Poderes, em Bras\u00edlia.<\/p>\n<p>Torres foi exonerado da Secretaria de Seguran\u00e7a P\u00fablica do DF ainda no dia 8 de janeiro, em meio aos atos golpistas que resultaram na ampla depreda\u00e7\u00e3o do Congresso Nacional, do Pal\u00e1cio do Planalto e da sede do Supremo Tribunal Federal.<\/p>\n<p>Policial Federal de carreira, Torres foi preso por determina\u00e7\u00e3o de Moraes, que justificou a medida devido \u00e0 aparente ina\u00e7\u00e3o das for\u00e7as de Seguran\u00e7a P\u00fablica do DF diante dos atos de vandalismo.<\/p>\n<p>Em um inqu\u00e9rito espec\u00edfico, aberto a pedido da Procuradoria-Geral da Rep\u00fablica (PGR), Torres \u00e9 investigado junto com o governador afastado Ibaneis Rocha (MDB) por suspeita de omiss\u00e3o ou coniv\u00eancia com os atos golpistas.<\/p>\n<p><span style=\"font-weight: 400;\">Fonte: Ag\u00eancia Brasil\u00a0<\/span><span style=\"font-weight: 400;\"><br \/>\n<\/span><\/p>\n","protected":false},"excerpt":{"rendered":"<p>O ministro Alexandre de Moraes, do Supremo Tribunal Federal (STF), marcou um novo depoimento de Anderson Torres, ex-secret\u00e1rio de Seguran\u00e7a P\u00fablica do Distrito Federal, para 2 de fevereiro, \u00e0s 10h30, ap\u00f3s ele ter ficado em sil\u00eancio numa primeira oitiva, na semana passada. A Pol\u00edcia Federal (PF) havia pedido que o depoimento fosse marcado para esta [&hellip;]<\/p>\n","protected":false},"author":246,"featured_media":209407,"comment_status":"closed","ping_status":"closed","sticky":false,"template":"","format":"standard","meta":{"footnotes":""},"categories":[436,254,439],"tags":[],"class_list":["post-209406","post","type-post","status-publish","format-standard","has-post-thumbnail","hentry","category-destaque-da-semana","category-politica","category-ultima-hora"],"_links":{"self":[{"href":"https:\/\/diarioregionaldigital.com.br\/index.php?rest_route=\/wp\/v2\/posts\/209406","targetHints":{"allow":["GET"]}}],"collection":[{"href":"https:\/\/diarioregionaldigital.com.br\/index.php?rest_route=\/wp\/v2\/posts"}],"about":[{"href":"https:\/\/diarioregionaldigital.com.br\/index.php?rest_route=\/wp\/v2\/types\/post"}],"author":[{"embeddable":true,"href":"https:\/\/diarioregionaldigital.com.br\/index.php?rest_route=\/wp\/v2\/users\/246"}],"replies":[{"embeddable":true,"href":"https:\/\/diarioregionaldigital.com.br\/index.php?rest_route=%2Fwp%2Fv2%2Fcomments&post=209406"}],"version-history":[{"count":1,"href":"https:\/\/diarioregionaldigital.com.br\/index.php?rest_route=\/wp\/v2\/posts\/209406\/revisions"}],"predecessor-version":[{"id":209408,"href":"https:\/\/diarioregionaldigital.com.br\/index.php?rest_route=\/wp\/v2\/posts\/209406\/revisions\/209408"}],"wp:featuredmedia":[{"embeddable":true,"href":"https:\/\/diarioregionaldigital.com.br\/index.php?rest_route=\/wp\/v2\/media\/209407"}],"wp:attachment":[{"href":"https:\/\/diarioregionaldigital.com.br\/index.php?rest_route=%2Fwp%2Fv2%2Fmedia&parent=209406"}],"wp:term":[{"taxonomy":"category","embeddable":true,"href":"https:\/\/diarioregionaldigital.com.br\/index.php?rest_route=%2Fwp%2Fv2%2Fcategories&post=209406"},{"taxonomy":"post_tag","embeddable":true,"href":"https:\/\/diarioregionaldigital.com.br\/index.php?rest_route=%2Fwp%2Fv2%2Ftags&post=209406"}],"curies":[{"name":"wp","href":"https:\/\/api.w.org\/{rel}","templated":true}]}}