{"id":209400,"date":"2023-01-23T19:15:16","date_gmt":"2023-01-23T22:15:16","guid":{"rendered":"https:\/\/diarioregionaldigital.com.br\/?p=209400"},"modified":"2023-01-23T19:15:16","modified_gmt":"2023-01-23T22:15:16","slug":"procon-faz-mutirao-de-renegociacao-de-dividas-de-pessoas-juridicas","status":"publish","type":"post","link":"https:\/\/diarioregionaldigital.com.br\/?p=209400","title":{"rendered":"Procon faz mutir\u00e3o de renegocia\u00e7\u00e3o de d\u00edvidas de pessoas jur\u00eddicas"},"content":{"rendered":"<p>O Procon do Estado do Rio de Janeiro (Procon-RJ) realiza a partir do pr\u00f3ximo dia 23 um mutir\u00e3o in\u00e9dito de renegocia\u00e7\u00e3o de d\u00edvidas com pessoas jur\u00eddicas, que se estender\u00e1 at\u00e9 o dia 27 deste m\u00eas. Segundo ressaltou o presidente da autarquia, C\u00e1ssio Coelho, essa \u00e9 a primeira oportunidade de quitar d\u00edvidas no ano de 2023.<img decoding=\"async\" src=\"https:\/\/agenciabrasil.ebc.com.br\/ebc.png?id=1505310&amp;o=node\" \/><img decoding=\"async\" src=\"https:\/\/agenciabrasil.ebc.com.br\/ebc.gif?id=1505310&amp;o=node\" \/><\/p>\n<p>\u201cOs eventos de renegocia\u00e7\u00e3o de d\u00edvidas, realizados pelo Procon, j\u00e1 viraram uma tradi\u00e7\u00e3o no estado. S\u00f3 no \u00faltimo ano, atenderam quase 5 mil consumidores com percentuais de acordo acima de 75% e descontos que chegam a mais de 90%\u201d. C\u00e1ssio Coelho informou que, desta vez, o Procon-RJ realizar\u00e1 esse mutir\u00e3o in\u00e9dito voltado para consumidores pessoas jur\u00eddicas que foram impactados pela crise gerada durante a pandemia do novo coronav\u00edrus e ainda n\u00e3o conseguiram quitar as d\u00edvidas. \u201cEm especial, empresas com lojas de rua que ficaram fechadas durante esse per\u00edodo e n\u00e3o conseguiram se reerguer\u201d.<\/p>\n<p>A meta \u00e9 facilitar a negocia\u00e7\u00e3o de d\u00e9bitos de pessoas jur\u00eddicas, principalmente microempreendedores individuais (MEI), empresas de m\u00e9dio e pequeno porte e microempresas, oriundos de rela\u00e7\u00f5es de consumo com institui\u00e7\u00f5es financeiras, concession\u00e1rias de servi\u00e7os p\u00fablicos e empresas de telecomunica\u00e7\u00f5es.<\/p>\n<p>Entre as institui\u00e7\u00f5es banc\u00e1rias que confirmaram participa\u00e7\u00e3o at\u00e9 o momento est\u00e3o o Banco do Brasil, Santander, Bradesco, Caixa e Ita\u00fa. Tamb\u00e9m j\u00e1 confirmaram presen\u00e7a as concession\u00e1rias de servi\u00e7o p\u00fablico \u00c1guas do Rio, Igu\u00e1, Zona Oeste Mais, Cedae, \u00c1guas de Niter\u00f3i, \u00c1guas do Imperador, \u00c1guas de Nova Friburgo, \u00c1guas de Juturna\u00edba, \u00c1guas do Para\u00edba, Enel, Light e Naturgy, e as empresas de telecomunica\u00e7\u00f5es Claro, Tim, Oi e Vivo.<\/p>\n<p>O Procon RJ destacou que os consumidores pessoas jur\u00eddicas que n\u00e3o puderam fazer a pr\u00e9-inscri\u00e7\u00e3o\u00a0<em>online<\/em>\u00a0para apresenta\u00e7\u00e3o de documentos, mas enviarem representantes ao mutir\u00e3o, portando documenta\u00e7\u00e3o que comprove que podem negociar em nome da empresa, ser\u00e3o atendidas nos dias do evento, previsto para ocorrer na Avenida Presidente Vargas, 25, 5\u2070 andar, no hor\u00e1rio das 10h \u00e0s 16h.<\/p>\n<p><span style=\"font-weight: 400;\">Fonte: Ag\u00eancia Brasil\u00a0<\/span><span style=\"font-weight: 400;\"><br \/>\n<\/span><\/p>\n","protected":false},"excerpt":{"rendered":"<p>O Procon do Estado do Rio de Janeiro (Procon-RJ) realiza a partir do pr\u00f3ximo dia 23 um mutir\u00e3o in\u00e9dito de renegocia\u00e7\u00e3o de d\u00edvidas com pessoas jur\u00eddicas, que se estender\u00e1 at\u00e9 o dia 27 deste m\u00eas. Segundo ressaltou o presidente da autarquia, C\u00e1ssio Coelho, essa \u00e9 a primeira oportunidade de quitar d\u00edvidas no ano de 2023. [&hellip;]<\/p>\n","protected":false},"author":246,"featured_media":209401,"comment_status":"closed","ping_status":"closed","sticky":false,"template":"","format":"standard","meta":{"footnotes":""},"categories":[436,261,439],"tags":[],"class_list":["post-209400","post","type-post","status-publish","format-standard","has-post-thumbnail","hentry","category-destaque-da-semana","category-economia","category-ultima-hora"],"_links":{"self":[{"href":"https:\/\/diarioregionaldigital.com.br\/index.php?rest_route=\/wp\/v2\/posts\/209400","targetHints":{"allow":["GET"]}}],"collection":[{"href":"https:\/\/diarioregionaldigital.com.br\/index.php?rest_route=\/wp\/v2\/posts"}],"about":[{"href":"https:\/\/diarioregionaldigital.com.br\/index.php?rest_route=\/wp\/v2\/types\/post"}],"author":[{"embeddable":true,"href":"https:\/\/diarioregionaldigital.com.br\/index.php?rest_route=\/wp\/v2\/users\/246"}],"replies":[{"embeddable":true,"href":"https:\/\/diarioregionaldigital.com.br\/index.php?rest_route=%2Fwp%2Fv2%2Fcomments&post=209400"}],"version-history":[{"count":1,"href":"https:\/\/diarioregionaldigital.com.br\/index.php?rest_route=\/wp\/v2\/posts\/209400\/revisions"}],"predecessor-version":[{"id":209402,"href":"https:\/\/diarioregionaldigital.com.br\/index.php?rest_route=\/wp\/v2\/posts\/209400\/revisions\/209402"}],"wp:featuredmedia":[{"embeddable":true,"href":"https:\/\/diarioregionaldigital.com.br\/index.php?rest_route=\/wp\/v2\/media\/209401"}],"wp:attachment":[{"href":"https:\/\/diarioregionaldigital.com.br\/index.php?rest_route=%2Fwp%2Fv2%2Fmedia&parent=209400"}],"wp:term":[{"taxonomy":"category","embeddable":true,"href":"https:\/\/diarioregionaldigital.com.br\/index.php?rest_route=%2Fwp%2Fv2%2Fcategories&post=209400"},{"taxonomy":"post_tag","embeddable":true,"href":"https:\/\/diarioregionaldigital.com.br\/index.php?rest_route=%2Fwp%2Fv2%2Ftags&post=209400"}],"curies":[{"name":"wp","href":"https:\/\/api.w.org\/{rel}","templated":true}]}}