{"id":209394,"date":"2023-01-23T19:08:14","date_gmt":"2023-01-23T22:08:14","guid":{"rendered":"https:\/\/diarioregionaldigital.com.br\/?p=209394"},"modified":"2023-01-23T19:08:14","modified_gmt":"2023-01-23T22:08:14","slug":"plataforma-nao-me-perturbe-fecha-2022-com-11-milhoes-de-cadastros","status":"publish","type":"post","link":"https:\/\/diarioregionaldigital.com.br\/?p=209394","title":{"rendered":"Plataforma N\u00e3o Me Perturbe fecha 2022 com 11 milh\u00f5es de cadastros"},"content":{"rendered":"<p>Mecanismo que permite o bloqueio de chamadas n\u00e3o desejadas de empresas, a plataforma\u00a0<a href=\"https:\/\/www.naomeperturbe.com.br\/\" target=\"_blank\" rel=\"noopener\">N\u00e3o Me Perturbe<\/a>\u00a0fechou 2022 com 11 milh\u00f5es de n\u00fameros de telefone cadastrados. Isso representa crescimento de 1,45 milh\u00e3o de n\u00fameros em rela\u00e7\u00e3o a 2021.<img decoding=\"async\" src=\"https:\/\/agenciabrasil.ebc.com.br\/ebc.png?id=1505383&amp;o=node\" \/><img decoding=\"async\" src=\"https:\/\/agenciabrasil.ebc.com.br\/ebc.gif?id=1505383&amp;o=node\" \/><\/p>\n<p>Segundo a Conexis Brasil Digital, que re\u00fane as empresas de telecomunica\u00e7\u00f5es e de conectividade, o n\u00famero de cadastros equivale a 3,8% da base de 288,6 milh\u00f5es de telefones fixos e m\u00f3veis existentes no Brasil.<\/p>\n<p>Em opera\u00e7\u00e3o desde julho de 2019, a plataforma permite que as pessoas bloqueiem chamadas de telemarketing vindas de empresas de telecomunica\u00e7\u00f5es e de oferta de cr\u00e9dito consignado. O mecanismo, no entanto, n\u00e3o bloqueia liga\u00e7\u00f5es, por exemplo, de planos de sa\u00fade ou de redes varejistas.<\/p>\n<p>Quem quiser bloquear seus n\u00fameros de celular e telefone fixo para n\u00e3o receber liga\u00e7\u00f5es de telemarketing desses dois setores (telecomunica\u00e7\u00f5es e cr\u00e9dito consignado) deve fazer o cadastro diretamente no site N\u00e3o Me Perturbe ou por meio dos Procons em todo o pa\u00eds. O bloqueio ocorre em at\u00e9 30 dias ap\u00f3s o cadastro no site.<\/p>\n<p>A maior parte dos n\u00fameros bloqueados est\u00e1 no estado de S\u00e3o Paulo, com 5,17 milh\u00f5es de n\u00fameros registrados. S\u00e3o Paulo tamb\u00e9m concentra a maior base de clientes do pa\u00eds, com 87 milh\u00f5es de celulares e de telefones fixos. O Distrito Federal tem a maior propor\u00e7\u00e3o de telefones cadastrados na plataforma, com 7,1% da base de telefones fixos e m\u00f3veis do DF.<\/p>\n<p>Em opera\u00e7\u00e3o desde julho de 2019, a plataforma N\u00e3o Me Perturbe faz parte das medidas de autorregula\u00e7\u00e3o do setor para melhorar a rela\u00e7\u00e3o com os consumidores. Desde ent\u00e3o, o n\u00famero de cadastrados cresceu ano a ano, mas s\u00f3 superou a marca de 10 milh\u00f5es em 2022. Em novembro do ano passado, segundo a Ag\u00eancia Nacional de Telecomunica\u00e7\u00f5es (Anatel), o volume de queixas caiu 29% em rela\u00e7\u00e3o ao mesmo m\u00eas do ano anterior.<\/p>\n<p><span style=\"font-weight: 400;\">Fonte: Ag\u00eancia Brasil <\/span><\/p>\n","protected":false},"excerpt":{"rendered":"<p>Mecanismo que permite o bloqueio de chamadas n\u00e3o desejadas de empresas, a plataforma\u00a0N\u00e3o Me Perturbe\u00a0fechou 2022 com 11 milh\u00f5es de n\u00fameros de telefone cadastrados. Isso representa crescimento de 1,45 milh\u00e3o de n\u00fameros em rela\u00e7\u00e3o a 2021. Segundo a Conexis Brasil Digital, que re\u00fane as empresas de telecomunica\u00e7\u00f5es e de conectividade, o n\u00famero de cadastros equivale [&hellip;]<\/p>\n","protected":false},"author":246,"featured_media":209395,"comment_status":"closed","ping_status":"closed","sticky":false,"template":"","format":"standard","meta":{"footnotes":""},"categories":[436,261,439],"tags":[],"class_list":["post-209394","post","type-post","status-publish","format-standard","has-post-thumbnail","hentry","category-destaque-da-semana","category-economia","category-ultima-hora"],"_links":{"self":[{"href":"https:\/\/diarioregionaldigital.com.br\/index.php?rest_route=\/wp\/v2\/posts\/209394","targetHints":{"allow":["GET"]}}],"collection":[{"href":"https:\/\/diarioregionaldigital.com.br\/index.php?rest_route=\/wp\/v2\/posts"}],"about":[{"href":"https:\/\/diarioregionaldigital.com.br\/index.php?rest_route=\/wp\/v2\/types\/post"}],"author":[{"embeddable":true,"href":"https:\/\/diarioregionaldigital.com.br\/index.php?rest_route=\/wp\/v2\/users\/246"}],"replies":[{"embeddable":true,"href":"https:\/\/diarioregionaldigital.com.br\/index.php?rest_route=%2Fwp%2Fv2%2Fcomments&post=209394"}],"version-history":[{"count":1,"href":"https:\/\/diarioregionaldigital.com.br\/index.php?rest_route=\/wp\/v2\/posts\/209394\/revisions"}],"predecessor-version":[{"id":209396,"href":"https:\/\/diarioregionaldigital.com.br\/index.php?rest_route=\/wp\/v2\/posts\/209394\/revisions\/209396"}],"wp:featuredmedia":[{"embeddable":true,"href":"https:\/\/diarioregionaldigital.com.br\/index.php?rest_route=\/wp\/v2\/media\/209395"}],"wp:attachment":[{"href":"https:\/\/diarioregionaldigital.com.br\/index.php?rest_route=%2Fwp%2Fv2%2Fmedia&parent=209394"}],"wp:term":[{"taxonomy":"category","embeddable":true,"href":"https:\/\/diarioregionaldigital.com.br\/index.php?rest_route=%2Fwp%2Fv2%2Fcategories&post=209394"},{"taxonomy":"post_tag","embeddable":true,"href":"https:\/\/diarioregionaldigital.com.br\/index.php?rest_route=%2Fwp%2Fv2%2Ftags&post=209394"}],"curies":[{"name":"wp","href":"https:\/\/api.w.org\/{rel}","templated":true}]}}