{"id":209386,"date":"2023-01-22T06:00:49","date_gmt":"2023-01-22T09:00:49","guid":{"rendered":"https:\/\/diarioregionaldigital.com.br\/?p=209386"},"modified":"2023-01-21T01:04:35","modified_gmt":"2023-01-21T04:04:35","slug":"as-primeiras-ideias","status":"publish","type":"post","link":"https:\/\/diarioregionaldigital.com.br\/?p=209386","title":{"rendered":"As Primeiras Ideias"},"content":{"rendered":"<p>Aproveito uma viagem a Vassouras (Fazenda S\u00e3o Lu\u00eds da Boa Sorte) para realizar uma boa medita\u00e7\u00e3o sobre o destino da educa\u00e7\u00e3o brasileira.<\/p>\n<p>Acompanho com natural curiosidade as primeiras palavras do novo Ministro da Educa\u00e7\u00e3o, ex-Governador do Cear\u00e1 Camilo Santana, de 54 anos de idade e pertencente aos quadros do PT.<\/p>\n<p>Sua gest\u00e3o (entre 2015 e 2022) come\u00e7ou por valorizar todo o processo estadual de alfabetiza\u00e7\u00e3o, e nisso se destacou. Colocou 77 cidades do Cear\u00e1 entre as 100 melhores do pa\u00eds, segundo o \u00cdndice de Desenvolvimento Nacional de Educa\u00e7\u00e3o B\u00e1sica (Ideb). Houve continuidade no trabalho e uma forma inteligente de atua\u00e7\u00e3o, a partir da cidade de Sobral, quando se registrou uma destacada \u00a0performance da professora Izolda Cela, hoje convocada para prestar servi\u00e7os ao MEC. Foram demitidos diretores por indica\u00e7\u00e3o meramente pol\u00edtica, criadas boas rotinas pedag\u00f3gicas em salas de aula e\u00a0 notoriamente houve a valoriza\u00e7\u00e3o do magist\u00e9rio, al\u00e9m de assegurar verbas expressivas \u00e0s prefeituras do Estado. Tudo somado e mais a ado\u00e7\u00e3o do necess\u00e1rio tempo integral (sete horas de aulas di\u00e1rias) deu como consequ\u00eancia\u00a0 um salto na qualidade da educa\u00e7\u00e3o, o que\u00a0 tamb\u00e9m aconteceu em Pernambuco.<\/p>\n<p>O que se sabe \u00e9 que quando n\u00e3o se alfabetiza na idade certa h\u00e1 uma quebra na qualidade da educa\u00e7\u00e3o, de dif\u00edcil recupera\u00e7\u00e3o ao longo do processo. E h\u00e1 um natural enriquecimento quando se adota o indispens\u00e1vel tempo integral, hoje circunscrito a apenas 9% do total de escolas m\u00e9dias, quando o ideal \u00e9 que j\u00e1 estiv\u00e9ssemos com 40%.<\/p>\n<p>N\u00e3o se pode culpar apenas a covid por esse desastre. O governo federal tamb\u00e9m tem culpa, quando deixa de fornecer os recursos necess\u00e1rios, como aconteceu recentemente com 200 mil estudantes de mestrado, doutorado, p\u00f3s-doutorado e resid\u00eancia, antes contempladas com \u00a0bolsas da Capes e que sofreram um lament\u00e1vel processo de descontinuidade. N\u00e3o se faz uma adequada pol\u00edtica de recursos humanos dessa forma sincopada e absurda. \u201cN\u00e3o se pode trabalhar pelo futuro da educa\u00e7\u00e3o com o triste congelamento dos recursos destinados a rubricas essenciais.\u201d Esse \u00e9 um lugar comum do qual n\u00e3o podemos nos dissociar.<\/p>\n","protected":false},"excerpt":{"rendered":"<p>Aproveito uma viagem a Vassouras (Fazenda S\u00e3o Lu\u00eds da Boa Sorte) para realizar uma boa medita\u00e7\u00e3o sobre o destino da educa\u00e7\u00e3o brasileira. Acompanho com natural curiosidade as primeiras palavras do novo Ministro da Educa\u00e7\u00e3o, ex-Governador do Cear\u00e1 Camilo Santana, de 54 anos de idade e pertencente aos quadros do PT. Sua gest\u00e3o (entre 2015 e [&hellip;]<\/p>\n","protected":false},"author":96,"featured_media":0,"comment_status":"closed","ping_status":"closed","sticky":false,"template":"","format":"standard","meta":{"footnotes":""},"categories":[275],"tags":[],"class_list":["post-209386","post","type-post","status-publish","format-standard","hentry","category-arnaldo-niskier"],"_links":{"self":[{"href":"https:\/\/diarioregionaldigital.com.br\/index.php?rest_route=\/wp\/v2\/posts\/209386","targetHints":{"allow":["GET"]}}],"collection":[{"href":"https:\/\/diarioregionaldigital.com.br\/index.php?rest_route=\/wp\/v2\/posts"}],"about":[{"href":"https:\/\/diarioregionaldigital.com.br\/index.php?rest_route=\/wp\/v2\/types\/post"}],"author":[{"embeddable":true,"href":"https:\/\/diarioregionaldigital.com.br\/index.php?rest_route=\/wp\/v2\/users\/96"}],"replies":[{"embeddable":true,"href":"https:\/\/diarioregionaldigital.com.br\/index.php?rest_route=%2Fwp%2Fv2%2Fcomments&post=209386"}],"version-history":[{"count":1,"href":"https:\/\/diarioregionaldigital.com.br\/index.php?rest_route=\/wp\/v2\/posts\/209386\/revisions"}],"predecessor-version":[{"id":209387,"href":"https:\/\/diarioregionaldigital.com.br\/index.php?rest_route=\/wp\/v2\/posts\/209386\/revisions\/209387"}],"wp:attachment":[{"href":"https:\/\/diarioregionaldigital.com.br\/index.php?rest_route=%2Fwp%2Fv2%2Fmedia&parent=209386"}],"wp:term":[{"taxonomy":"category","embeddable":true,"href":"https:\/\/diarioregionaldigital.com.br\/index.php?rest_route=%2Fwp%2Fv2%2Fcategories&post=209386"},{"taxonomy":"post_tag","embeddable":true,"href":"https:\/\/diarioregionaldigital.com.br\/index.php?rest_route=%2Fwp%2Fv2%2Ftags&post=209386"}],"curies":[{"name":"wp","href":"https:\/\/api.w.org\/{rel}","templated":true}]}}