{"id":209380,"date":"2023-01-20T18:49:53","date_gmt":"2023-01-20T21:49:53","guid":{"rendered":"https:\/\/diarioregionaldigital.com.br\/?p=209380"},"modified":"2023-01-20T18:49:53","modified_gmt":"2023-01-20T21:49:53","slug":"pjf-atende-com-limpeza-e-poda-de-grama-mais-de-20-pracas-da-cidade","status":"publish","type":"post","link":"https:\/\/diarioregionaldigital.com.br\/?p=209380","title":{"rendered":"PJF atende com limpeza e poda de grama mais de 20 pra\u00e7as da cidade"},"content":{"rendered":"<p>Segundo informa\u00e7\u00f5es do site da Prefeitura de Juiz de Fora (PJF), o\u00a0Programa Boniteza, da Prefeitura de Juiz de Fora (PJF), segue com os trabalhos de zeladoria pela cidade. De segunda, 16, at\u00e9 esta sexta-feira, 20, as equipes da PJF estiveram em mais de 20 pra\u00e7as, em 16 bairros da cidade, com os servi\u00e7os de limpeza e poda de grama.<\/p>\n<p>Entre os locais que receberam os atendimentos, est\u00e3o as pra\u00e7as CEU, no bairro Ara\u00fajo, Osvaldo Danilo Bartels, no Manoel Hon\u00f3rio, e Padre Geraldo Pelzers, em Santa Luzia.<\/p>\n<p><strong>Confira a lista das demais pra\u00e7as atendidas:<\/strong><br \/>\nPra\u00e7a Alfredo Ferreira Lage<\/p>\n<p>Pra\u00e7a Francisco Assis Lopes<\/p>\n<p>Pra\u00e7a Guimar\u00e3es Rosa<\/p>\n<p>Pra\u00e7a Ad\u00e9lia Saggioro (Santa Cec\u00edlia)<\/p>\n<p>Pra\u00e7a Coronel Jeremias Garcia (Benfica)<\/p>\n<p>Pra\u00e7a do bairro Alto Graja\u00fa<\/p>\n<p>Pra\u00e7a Duque de Caxias<\/p>\n<p>Pra\u00e7a CEU<\/p>\n<p>Pra\u00e7a Padre Geraldo Pelzers (Santa Luzia)<\/p>\n<p>Pra\u00e7a Osvaldo Danilo Bartels (Avenida Brasil)<\/p>\n<p>Pra\u00e7a Francisco Fortes Bustamante<\/p>\n<p>Pra\u00e7a \u00c1ureo Gomes Carneiro<\/p>\n<p>Pra\u00e7a Rafael da Silva Cruz<\/p>\n<p>Pra\u00e7a de Esportes Vila Franca Do Imperador (Nova Era I)<\/p>\n<p>Pra\u00e7a Ipiranga<\/p>\n<p>Pra\u00e7a do Acesso Norte<\/p>\n<p>Pra\u00e7a Doutor Pedro Batista Martins<\/p>\n<p>Pra\u00e7a De Desportos Izolino Gon\u00e7alves Coelho (Pra\u00e7a de Graminha)<\/p>\n<p>Pra\u00e7a Manoel Nunes (Santa Cruz)<\/p>\n<p>Pra\u00e7a Chrispim Albano Fernandes (Cras de Santa Cruz)<\/p>\n<p>Pra\u00e7a Am\u00e9rica Campos Machado (Nova Benfica)<\/p>\n<p>Os trabalhos contribuem para tornar as pra\u00e7as um ambiente mais receptivo para a popula\u00e7\u00e3o, estimulando o conv\u00edvio social, deixando o espa\u00e7o p\u00fablico agrad\u00e1vel e mais seguro.<\/p>\n<p>Al\u00e9m das pra\u00e7as, a Empresa Municipal de Pavimenta\u00e7\u00e3o e Urbanidades (Empav) atuou tamb\u00e9m nos canteiros centrais de algumas das principais vias do munic\u00edpio, como na Avenida Prefeito Mello Reis, no Aeroporto, na Avenida Brasil, Rio Branco e JK.<\/p>\n<p>Os trabalhos seguem em andamento em v\u00e1rios pontos da cidade e a programa\u00e7\u00e3o completa das atividades realizadas pela Empav pode ser acompanhada diariamente atrav\u00e9s da p\u00e1gina do Gabinete de A\u00e7\u00e3o e Di\u00e1logo Comunit\u00e1rio, pelo<a href=\"https:\/\/www.pjf.mg.gov.br\/gabinetecomunitario\/#onde\">\u00a0<strong>link<\/strong><\/a>.<\/p>\n<p>Todas as a\u00e7\u00f5es de reestrutura\u00e7\u00e3o, urbaniza\u00e7\u00e3o e zeladoria realizadas pela Empresa Municipal de Pavimenta\u00e7\u00e3o e Urbanidades (Empav) fazem parte do Programa Boniteza. Estes e outros servi\u00e7os podem ser solicitados atrav\u00e9s do Gabinete de A\u00e7\u00e3o e Di\u00e1logo Comunit\u00e1rio, que recebe e organiza pedidos relativos a interven\u00e7\u00f5es e melhorias urbanas. O contato pode ser feito por liga\u00e7\u00e3o telef\u00f4nica, pelo n\u00famero (32) 3690-7241 ou, ainda, via WhatsApp, utilizando o mesmo n\u00famero.<\/p>\n","protected":false},"excerpt":{"rendered":"<p>Segundo informa\u00e7\u00f5es do site da Prefeitura de Juiz de Fora (PJF), o\u00a0Programa Boniteza, da Prefeitura de Juiz de Fora (PJF), segue com os trabalhos de zeladoria pela cidade. De segunda, 16, at\u00e9 esta sexta-feira, 20, as equipes da PJF estiveram em mais de 20 pra\u00e7as, em 16 bairros da cidade, com os servi\u00e7os de limpeza [&hellip;]<\/p>\n","protected":false},"author":246,"featured_media":209381,"comment_status":"closed","ping_status":"closed","sticky":false,"template":"","format":"standard","meta":{"footnotes":""},"categories":[253,436,439],"tags":[],"class_list":["post-209380","post","type-post","status-publish","format-standard","has-post-thumbnail","hentry","category-cidade","category-destaque-da-semana","category-ultima-hora"],"_links":{"self":[{"href":"https:\/\/diarioregionaldigital.com.br\/index.php?rest_route=\/wp\/v2\/posts\/209380","targetHints":{"allow":["GET"]}}],"collection":[{"href":"https:\/\/diarioregionaldigital.com.br\/index.php?rest_route=\/wp\/v2\/posts"}],"about":[{"href":"https:\/\/diarioregionaldigital.com.br\/index.php?rest_route=\/wp\/v2\/types\/post"}],"author":[{"embeddable":true,"href":"https:\/\/diarioregionaldigital.com.br\/index.php?rest_route=\/wp\/v2\/users\/246"}],"replies":[{"embeddable":true,"href":"https:\/\/diarioregionaldigital.com.br\/index.php?rest_route=%2Fwp%2Fv2%2Fcomments&post=209380"}],"version-history":[{"count":1,"href":"https:\/\/diarioregionaldigital.com.br\/index.php?rest_route=\/wp\/v2\/posts\/209380\/revisions"}],"predecessor-version":[{"id":209382,"href":"https:\/\/diarioregionaldigital.com.br\/index.php?rest_route=\/wp\/v2\/posts\/209380\/revisions\/209382"}],"wp:featuredmedia":[{"embeddable":true,"href":"https:\/\/diarioregionaldigital.com.br\/index.php?rest_route=\/wp\/v2\/media\/209381"}],"wp:attachment":[{"href":"https:\/\/diarioregionaldigital.com.br\/index.php?rest_route=%2Fwp%2Fv2%2Fmedia&parent=209380"}],"wp:term":[{"taxonomy":"category","embeddable":true,"href":"https:\/\/diarioregionaldigital.com.br\/index.php?rest_route=%2Fwp%2Fv2%2Fcategories&post=209380"},{"taxonomy":"post_tag","embeddable":true,"href":"https:\/\/diarioregionaldigital.com.br\/index.php?rest_route=%2Fwp%2Fv2%2Ftags&post=209380"}],"curies":[{"name":"wp","href":"https:\/\/api.w.org\/{rel}","templated":true}]}}