{"id":209377,"date":"2023-01-20T18:47:53","date_gmt":"2023-01-20T21:47:53","guid":{"rendered":"https:\/\/diarioregionaldigital.com.br\/?p=209377"},"modified":"2023-01-20T18:47:53","modified_gmt":"2023-01-20T21:47:53","slug":"plano-municipal-de-prevencao-a-violencia-contra-a-juventude-e-pauta-do-cultura-de-paz-entrevista","status":"publish","type":"post","link":"https:\/\/diarioregionaldigital.com.br\/?p=209377","title":{"rendered":"Plano Municipal de Preven\u00e7\u00e3o \u00e0 Viol\u00eancia contra a Juventude \u00e9 pauta do \u201cCultura de Paz Entrevista\u201d"},"content":{"rendered":"<p>Segundo informa\u00e7\u00f5es do site da Prefeitura de Juiz de Fora (PJF), as conquistas obtidas e as novas possibilidades de trabalho com o Plano Municipal \u201cJuventude Quer Viver:\u00a0 Plano de Preven\u00e7\u00e3o \u00e0 Viol\u00eancia Contra a Juventude Negra de Juiz de Fora\u201d pautaram o \u201cCultura de Paz Entrevista\u201d desta sexta-feira, 20, como mais uma iniciativa da Campanha de Comunica\u00e7\u00e3o do Projeto \u201cCultura de Paz e Preven\u00e7\u00e3o das Viol\u00eancias: Tecendo Redes\u201d, parceria entre a Prefeitura de Juiz de Fora (PJF) e a Universidade Federal de Juiz de Fora (UFJF). A convidada foi a assessora de Pol\u00edticas para a Juventude da Secretaria Especial de Direitos Humanos (SEDH) da PJF, Luiza Travassos.<\/p>\n<div id=\"box_texto_noticia\">\n<p>Na conversa com o apresentador do Podcast, professor da Faculdade de Comunica\u00e7\u00e3o da UFJF, Ricardo Bedendo, a assessora destacou que as ideias e a\u00e7\u00f5es s\u00e3o trabalhadas com o pensamento de que \u201ca juventude est\u00e1 presente em tudo, em todos os segmentos da nossa sociedade. Queremos construir uma vida digna para esta juventude\u201d.<\/p>\n<p>Luiza explicou que o Plano Municipal \u201cJuventude Quer Viver\u201d foi constru\u00eddo a partir de outra importante iniciativa: O \u201cComit\u00ea Municipal de Enfrentamento ao Exterm\u00ednio e Encarceramento da Juventude Negra\u201d. Segundo ela, este Plano pretende reunir eixos de v\u00e1rias \u00e1reas, como \u201cjusti\u00e7a social, direitos humanos, assist\u00eancia social, sa\u00fade, seguran\u00e7a p\u00fablica e cultura. S\u00e3o quest\u00f5es que perpassam a vida do jovem. Queremos uma pol\u00edtica humanizada e para, de fato, o povo\u201d.<\/p>\n<p>O podcast foi gravado na R\u00e1dio Facom da Faculdade de Comunica\u00e7\u00e3o da UFJF. A iniciativa \u00e9 parte da Campanha de Comunica\u00e7\u00e3o do \u201cCultura de Paz\u201d, que apresenta as institui\u00e7\u00f5es e profissionais da Rede de Preven\u00e7\u00e3o e Enfrentamento \u00e0s Viol\u00eancias de Juiz de Fora.<\/p>\n<p><a href=\"https:\/\/open.spotify.com\/episode\/39LAbnIa6UDh79nBpLWo4A?si=iG8wt_75TwupjdEz_KgLOw&amp;utm_source=copy-link\"><strong>Ou\u00e7a aqui<\/strong><\/a><\/p>\n<\/div>\n<p>&nbsp;<\/p>\n<div id=\"box_compartilhar\" align=\"right\"><\/div>\n","protected":false},"excerpt":{"rendered":"<p>Segundo informa\u00e7\u00f5es do site da Prefeitura de Juiz de Fora (PJF), as conquistas obtidas e as novas possibilidades de trabalho com o Plano Municipal \u201cJuventude Quer Viver:\u00a0 Plano de Preven\u00e7\u00e3o \u00e0 Viol\u00eancia Contra a Juventude Negra de Juiz de Fora\u201d pautaram o \u201cCultura de Paz Entrevista\u201d desta sexta-feira, 20, como mais uma iniciativa da Campanha [&hellip;]<\/p>\n","protected":false},"author":246,"featured_media":209378,"comment_status":"closed","ping_status":"closed","sticky":false,"template":"","format":"standard","meta":{"footnotes":""},"categories":[253,436,439],"tags":[],"class_list":["post-209377","post","type-post","status-publish","format-standard","has-post-thumbnail","hentry","category-cidade","category-destaque-da-semana","category-ultima-hora"],"_links":{"self":[{"href":"https:\/\/diarioregionaldigital.com.br\/index.php?rest_route=\/wp\/v2\/posts\/209377","targetHints":{"allow":["GET"]}}],"collection":[{"href":"https:\/\/diarioregionaldigital.com.br\/index.php?rest_route=\/wp\/v2\/posts"}],"about":[{"href":"https:\/\/diarioregionaldigital.com.br\/index.php?rest_route=\/wp\/v2\/types\/post"}],"author":[{"embeddable":true,"href":"https:\/\/diarioregionaldigital.com.br\/index.php?rest_route=\/wp\/v2\/users\/246"}],"replies":[{"embeddable":true,"href":"https:\/\/diarioregionaldigital.com.br\/index.php?rest_route=%2Fwp%2Fv2%2Fcomments&post=209377"}],"version-history":[{"count":1,"href":"https:\/\/diarioregionaldigital.com.br\/index.php?rest_route=\/wp\/v2\/posts\/209377\/revisions"}],"predecessor-version":[{"id":209379,"href":"https:\/\/diarioregionaldigital.com.br\/index.php?rest_route=\/wp\/v2\/posts\/209377\/revisions\/209379"}],"wp:featuredmedia":[{"embeddable":true,"href":"https:\/\/diarioregionaldigital.com.br\/index.php?rest_route=\/wp\/v2\/media\/209378"}],"wp:attachment":[{"href":"https:\/\/diarioregionaldigital.com.br\/index.php?rest_route=%2Fwp%2Fv2%2Fmedia&parent=209377"}],"wp:term":[{"taxonomy":"category","embeddable":true,"href":"https:\/\/diarioregionaldigital.com.br\/index.php?rest_route=%2Fwp%2Fv2%2Fcategories&post=209377"},{"taxonomy":"post_tag","embeddable":true,"href":"https:\/\/diarioregionaldigital.com.br\/index.php?rest_route=%2Fwp%2Fv2%2Ftags&post=209377"}],"curies":[{"name":"wp","href":"https:\/\/api.w.org\/{rel}","templated":true}]}}