{"id":209374,"date":"2023-01-20T18:46:15","date_gmt":"2023-01-20T21:46:15","guid":{"rendered":"https:\/\/diarioregionaldigital.com.br\/?p=209374"},"modified":"2023-01-20T18:46:15","modified_gmt":"2023-01-20T21:46:15","slug":"matriculas-nas-escolas-municipais-para-cadastrados-terminam-na-proxima-sexta-27","status":"publish","type":"post","link":"https:\/\/diarioregionaldigital.com.br\/?p=209374","title":{"rendered":"Matr\u00edculas nas escolas municipais para cadastrados terminam na pr\u00f3xima sexta, 27"},"content":{"rendered":"<p>Segundo informa\u00e7\u00f5es do site da Prefeitura de Juiz de Fora (PJF), termina na pr\u00f3xima sexta-feira, 27, o per\u00edodo de matr\u00edculas nas escolas da Rede Municipal de Ensino de Juiz de Fora. A matr\u00edcula \u00e9 necess\u00e1ria apenas para quem realizou inscri\u00e7\u00e3o no Cadastramento Escolar 2023.<\/p>\n<p>Neste ano, o Cadastramento foi dividido em dois formatos: Educa\u00e7\u00e3o Infantil (4 e 5 anos), organizado pela Prefeitura de Juiz de Fora (PJF); e Ensino Fundamental (entre 6 e 14 anos), M\u00e9dio (entre 15 e 17 anos) e EJA (Educa\u00e7\u00e3o de Jovens e Adultos), organizados pelo Governo Estadual.<\/p>\n<p><strong>O resultado do Cadastramento Escolar 2023 pode ser conferido nos links abaixo:<\/strong><\/p>\n<p><a href=\"https:\/\/sislamemg.caedufjf.net\/sislamemg\/login.faces\"><strong>Resultado da Educa\u00e7\u00e3o Infantil<\/strong><\/a>\u00a0(para acessar o resultado, o respons\u00e1vel deve utilizar o seu Cadastro de Pessoa F\u00edsica &#8211; CPF nos campos de login e de senha)<\/p>\n<p><a href=\"https:\/\/cadastroescolar.educacao.mg.gov.br\/\"><strong>Resultado para Ensino Fundamental e EJA<\/strong><\/a><\/p>\n<p><strong>Matr\u00edculas nas Escolas Municipais<\/strong><\/p>\n<p>Os respons\u00e1veis devem comparecer \u00e0 escola onde a(o) cadastrada(o) foi contemplada(o),\u00a0<strong>at\u00e9 o dia 27 de janeiro de 2023<\/strong>, para realizar a matr\u00edcula, munidos dos seguintes documentos (original e c\u00f3pia):<\/p>\n<p>&#8211; Certid\u00e3o de nascimento da crian\u00e7a<\/p>\n<p>&#8211; Declara\u00e7\u00e3o de transfer\u00eancia ou hist\u00f3rico escolar (apenas original)<\/p>\n<p>&#8211; Cart\u00e3o de vacina<\/p>\n<p>&#8211; Cart\u00e3o do SUS<\/p>\n<p>&#8211; Laudo m\u00e9dico da crian\u00e7a, caso tenha alguma necessidade especial ou defici\u00eancia<\/p>\n<p>&#8211; Comprovante de resid\u00eancia (preferencialmente, conta de luz)<\/p>\n<p>&#8211; Documento de identidade da(o) respons\u00e1vel<\/p>\n<p>&#8211; Documento da Guarda Legal<\/p>\n<p>&#8211; Cart\u00e3o Bolsa Fam\u00edlia \/ Aux\u00edlio Brasil<\/p>\n<p>&#8211; N\u00famero do NIS da(o) respons\u00e1vel<\/p>\n<p>Os respons\u00e1veis que perderam o per\u00edodo do cadastro e desejam matricular seu(sua) filho(a) em uma escola municipal, devem aguardar o fim do per\u00edodo de matr\u00edcula e procurar a escola onde desejam matricular a crian\u00e7a, ap\u00f3s o dia 27 de janeiro para verificar a possibilidade de vaga.<\/p>\n<p>Para outras informa\u00e7\u00f5es, ligue:\u00a0<strong>3690-8234 ou 3690-7411<\/strong>.<\/p>\n","protected":false},"excerpt":{"rendered":"<p>Segundo informa\u00e7\u00f5es do site da Prefeitura de Juiz de Fora (PJF), termina na pr\u00f3xima sexta-feira, 27, o per\u00edodo de matr\u00edculas nas escolas da Rede Municipal de Ensino de Juiz de Fora. A matr\u00edcula \u00e9 necess\u00e1ria apenas para quem realizou inscri\u00e7\u00e3o no Cadastramento Escolar 2023. Neste ano, o Cadastramento foi dividido em dois formatos: Educa\u00e7\u00e3o Infantil [&hellip;]<\/p>\n","protected":false},"author":246,"featured_media":209375,"comment_status":"closed","ping_status":"closed","sticky":false,"template":"","format":"standard","meta":{"footnotes":""},"categories":[253,436,439],"tags":[],"class_list":["post-209374","post","type-post","status-publish","format-standard","has-post-thumbnail","hentry","category-cidade","category-destaque-da-semana","category-ultima-hora"],"_links":{"self":[{"href":"https:\/\/diarioregionaldigital.com.br\/index.php?rest_route=\/wp\/v2\/posts\/209374","targetHints":{"allow":["GET"]}}],"collection":[{"href":"https:\/\/diarioregionaldigital.com.br\/index.php?rest_route=\/wp\/v2\/posts"}],"about":[{"href":"https:\/\/diarioregionaldigital.com.br\/index.php?rest_route=\/wp\/v2\/types\/post"}],"author":[{"embeddable":true,"href":"https:\/\/diarioregionaldigital.com.br\/index.php?rest_route=\/wp\/v2\/users\/246"}],"replies":[{"embeddable":true,"href":"https:\/\/diarioregionaldigital.com.br\/index.php?rest_route=%2Fwp%2Fv2%2Fcomments&post=209374"}],"version-history":[{"count":1,"href":"https:\/\/diarioregionaldigital.com.br\/index.php?rest_route=\/wp\/v2\/posts\/209374\/revisions"}],"predecessor-version":[{"id":209376,"href":"https:\/\/diarioregionaldigital.com.br\/index.php?rest_route=\/wp\/v2\/posts\/209374\/revisions\/209376"}],"wp:featuredmedia":[{"embeddable":true,"href":"https:\/\/diarioregionaldigital.com.br\/index.php?rest_route=\/wp\/v2\/media\/209375"}],"wp:attachment":[{"href":"https:\/\/diarioregionaldigital.com.br\/index.php?rest_route=%2Fwp%2Fv2%2Fmedia&parent=209374"}],"wp:term":[{"taxonomy":"category","embeddable":true,"href":"https:\/\/diarioregionaldigital.com.br\/index.php?rest_route=%2Fwp%2Fv2%2Fcategories&post=209374"},{"taxonomy":"post_tag","embeddable":true,"href":"https:\/\/diarioregionaldigital.com.br\/index.php?rest_route=%2Fwp%2Fv2%2Ftags&post=209374"}],"curies":[{"name":"wp","href":"https:\/\/api.w.org\/{rel}","templated":true}]}}