{"id":209359,"date":"2023-01-20T18:22:27","date_gmt":"2023-01-20T21:22:27","guid":{"rendered":"https:\/\/diarioregionaldigital.com.br\/?p=209359"},"modified":"2023-01-20T18:22:27","modified_gmt":"2023-01-20T21:22:27","slug":"duplas-mista-e-feminina-com-brasileiros-avancam-no-aberto-da-australia","status":"publish","type":"post","link":"https:\/\/diarioregionaldigital.com.br\/?p=209359","title":{"rendered":"Duplas mista e feminina com brasileiros avan\u00e7am no Aberto da Austr\u00e1lia"},"content":{"rendered":"<p>O t\u00eanis brasileiro avan\u00e7ou \u00e0 segunda rodada de duplas do Aberto da Austr\u00e1lia nesta sexta-feira (20). No feminino, a parceria da paulista Beatriz Haddad com a chinesa Shuai Zhang estreou com vit\u00f3ria de virada sobre a canadense Leylah Fernandez e a norte-americana Bethanie Mattek-Sands por 2 sets a 1, com parciais de 7\/6, 6\/4 e 6\/3. Quem tamb\u00e9m brilhou foi a campinense Luisa Stefani e o ga\u00facho Rafael Matos, nas duplas mistas. Em 50 minutos eles aplicaram 2 sets a 0 (6\/2 e 6\/0) sobre os chineses Xinyun Han e Zhizhen Zhang.<img decoding=\"async\" src=\"https:\/\/agenciabrasil.ebc.com.br\/ebc.png?id=1505349&amp;o=node\" \/><img decoding=\"async\" src=\"https:\/\/agenciabrasil.ebc.com.br\/ebc.gif?id=1505349&amp;o=node\" \/><\/p>\n<blockquote><p>&#8220;Excelente jogo, fomos muito s\u00f3lidos do come\u00e7o\u00a0ao fim. Vamos aproveitar at\u00e9 o final do torneio, da dupla mista, um jogo de cada vez. Me senti super bem, adoro jogar aqui e \u00e9 muito bom essa dupla mista com o Rafa tamb\u00e9m&#8221;, disse Stefani.<\/p><\/blockquote>\n<p>As duplas voltam a competir neste s\u00e1bado (20), em hor\u00e1rio a ser definido. Stefani e Matos enfrentar\u00e3o a tenista Bethanie Mattek-Sands (Estados Unidos) que jogar\u00e1 em parceria com o croata Mate Pavic.<\/p>\n<p>J\u00e1 a dupla de Bia Haddad medir\u00e1 for\u00e7as com as tchecas\u00a0Miriam Kolodziejov\u00e1 e Mark\u00e9ta Vondrousova.<\/p>\n<h2>Demoliner volta \u00e0 quadra nesta sexta-feira<\/h2>\n<p>A dupla do ga\u00facho Marcelo Demoliner com o italiano Andrea Vavassori voltam \u00e0 quadra \u00e0s 21h (hor\u00e1rio de Bras\u00edlia) contra o espanhol Marcel Granollers e o argentino Horacio Zeballos. Demoliner assegurou presen\u00e7a na segunda rodada ap\u00f3s ganhar de virada na estreia os belgas \u00a0Joran Vliegen e Sander Gille por 2 sets a 1, com parciais de 6\/7 (7-5), 7\/6 (4-7) e 7\/6 (10-4).<\/p>\n<p><span style=\"font-weight: 400;\"><br \/>\n<\/span><span style=\"font-weight: 400;\">Fonte: Ag\u00eancia Brasil <\/span><\/p>\n","protected":false},"excerpt":{"rendered":"<p>O t\u00eanis brasileiro avan\u00e7ou \u00e0 segunda rodada de duplas do Aberto da Austr\u00e1lia nesta sexta-feira (20). No feminino, a parceria da paulista Beatriz Haddad com a chinesa Shuai Zhang estreou com vit\u00f3ria de virada sobre a canadense Leylah Fernandez e a norte-americana Bethanie Mattek-Sands por 2 sets a 1, com parciais de 7\/6, 6\/4 e [&hellip;]<\/p>\n","protected":false},"author":246,"featured_media":209360,"comment_status":"closed","ping_status":"closed","sticky":false,"template":"","format":"standard","meta":{"footnotes":""},"categories":[436,440,257,439],"tags":[],"class_list":["post-209359","post","type-post","status-publish","format-standard","has-post-thumbnail","hentry","category-destaque-da-semana","category-destaques-do-dia","category-esporte","category-ultima-hora"],"_links":{"self":[{"href":"https:\/\/diarioregionaldigital.com.br\/index.php?rest_route=\/wp\/v2\/posts\/209359","targetHints":{"allow":["GET"]}}],"collection":[{"href":"https:\/\/diarioregionaldigital.com.br\/index.php?rest_route=\/wp\/v2\/posts"}],"about":[{"href":"https:\/\/diarioregionaldigital.com.br\/index.php?rest_route=\/wp\/v2\/types\/post"}],"author":[{"embeddable":true,"href":"https:\/\/diarioregionaldigital.com.br\/index.php?rest_route=\/wp\/v2\/users\/246"}],"replies":[{"embeddable":true,"href":"https:\/\/diarioregionaldigital.com.br\/index.php?rest_route=%2Fwp%2Fv2%2Fcomments&post=209359"}],"version-history":[{"count":1,"href":"https:\/\/diarioregionaldigital.com.br\/index.php?rest_route=\/wp\/v2\/posts\/209359\/revisions"}],"predecessor-version":[{"id":209361,"href":"https:\/\/diarioregionaldigital.com.br\/index.php?rest_route=\/wp\/v2\/posts\/209359\/revisions\/209361"}],"wp:featuredmedia":[{"embeddable":true,"href":"https:\/\/diarioregionaldigital.com.br\/index.php?rest_route=\/wp\/v2\/media\/209360"}],"wp:attachment":[{"href":"https:\/\/diarioregionaldigital.com.br\/index.php?rest_route=%2Fwp%2Fv2%2Fmedia&parent=209359"}],"wp:term":[{"taxonomy":"category","embeddable":true,"href":"https:\/\/diarioregionaldigital.com.br\/index.php?rest_route=%2Fwp%2Fv2%2Fcategories&post=209359"},{"taxonomy":"post_tag","embeddable":true,"href":"https:\/\/diarioregionaldigital.com.br\/index.php?rest_route=%2Fwp%2Fv2%2Ftags&post=209359"}],"curies":[{"name":"wp","href":"https:\/\/api.w.org\/{rel}","templated":true}]}}