{"id":209356,"date":"2023-01-20T18:10:39","date_gmt":"2023-01-20T21:10:39","guid":{"rendered":"https:\/\/diarioregionaldigital.com.br\/?p=209356"},"modified":"2023-01-20T18:10:39","modified_gmt":"2023-01-20T21:10:39","slug":"visita-de-lula-a-argentina-tera-acordo-sobre-antartida","status":"publish","type":"post","link":"https:\/\/diarioregionaldigital.com.br\/?p=209356","title":{"rendered":"Visita de Lula \u00e0 Argentina ter\u00e1 acordo sobre Ant\u00e1rtida"},"content":{"rendered":"<p>Na viagem da semana que vem a Buenos Aires, primeira visita oficial de seu terceiro mandato, o presidente Luiz In\u00e1cio Lula da Silva deve assinar um acordo com a Argentina para coopera\u00e7\u00e3o cient\u00edfica e log\u00edstica nas esta\u00e7\u00f5es dos dois pa\u00edses na Ant\u00e1rtida. Outro ponto que deve ser discutido pelas equipes dos dois pa\u00edses \u00e9 o impulso \u00e0s negocia\u00e7\u00f5es de um gasoduto entre Argentina e Brasil.<img decoding=\"async\" src=\"https:\/\/agenciabrasil.ebc.com.br\/ebc.png?id=1505342&amp;o=node\" \/><img decoding=\"async\" src=\"https:\/\/agenciabrasil.ebc.com.br\/ebc.gif?id=1505342&amp;o=node\" \/><\/p>\n<p>Lula embarca no domingo (22) para Buenos Aires. Al\u00e9m da agenda bilateral, ele participar\u00e1 da reuni\u00e3o de c\u00fapula da Comunidade de Estados Latino-Americanos e do Caribe (Celac), colegiado do qual o Brasil voltou a participar, ap\u00f3s ter se retirado durante o governo de Jair Bolsonaro.<\/p>\n<p>At\u00e9 o momento, o Itamaraty confirma que \u201ch\u00e1 disposi\u00e7\u00e3o\u201d de encontros entre Lula e os mandat\u00e1rios da Venezuela, Nicol\u00e1s Maduro, e de Cuba, Miguel D\u00edaz-Canel, al\u00e9m de reuni\u00f5es com representantes dos demais pa\u00edses que integram a Celac. O secret\u00e1rio das Am\u00e9ricas do Itamaraty, embaixador Michel Arslanian Neto, disse que ainda n\u00e3o pode confirmar as reuni\u00f5es devido a quest\u00f5es de agenda ainda em discuss\u00e3o.<\/p>\n<p>Questionado sobre o encontro entre Lula e Maduro, l\u00edder que encontra-se isolado no cen\u00e1rio internacional, o embaixador disse que o objetivo do presidente Lula \u00e9 enfatizar \u201co papel da Am\u00e9rica do Sul como for\u00e7a construtiva, o papel construtivo que a regi\u00e3o pode desempenhar para a Venezuela\u201d.<\/p>\n<p>Na c\u00fapula, que ocorre entre 23 e 24 de janeiro, dever\u00e1 ser acertada uma declara\u00e7\u00e3o final dos chefes de Estado sobre temas como seguran\u00e7a alimentar e integra\u00e7\u00e3o energ\u00e9tica da regi\u00e3o. Outras 12 declara\u00e7\u00f5es tem\u00e1ticas devem abordar temas como energia nuclear, sustentabilidade dos oceanos, combate ao tr\u00e1fico de drogas e armas, entre outros.<\/p>\n<p>Em entrevista coletiva, Arslanian disse que Lula \u201cn\u00e3o teve d\u00favidas\u201d em privilegiar a c\u00fapula da Celac no lugar de estrear sua agenda internacional no F\u00f3rum Econ\u00f4mico de Davos, que ocorre nesta semana na cidade su\u00ed\u00e7a. \u201cO presidente nunca escondeu a prioridade da regi\u00e3o [Am\u00e9rica Latina] nessa inser\u00e7\u00e3o do Brasil no mundo\u201d, afirmou o embaixador.<\/p>\n<p>Arslanian disse ainda que a rela\u00e7\u00e3o bilateral com a Argentina foi &#8220;subaproveitada&#8221; nos \u00faltimos tr\u00eas anos e que h\u00e1 nova disposi\u00e7\u00e3o em fazer avan\u00e7ar temas comuns. &#8220;\u00c9\u00a0claramente uma rela\u00e7\u00e3o que esteve subaproveitada, e agora h\u00e1 um sentido de urg\u00eancia de coloc\u00e1-la em marcha for\u00e7ada, no sentido positivo, em dire\u00e7\u00e3o aos v\u00e1rios objetivos que nos unem&#8221;, disse.<\/p>\n<p>Ap\u00f3s a visita a Buenos Aires, Lula seguir\u00e1 para Montevid\u00e9u, tamb\u00e9m em visita oficial. A agenda do presidente no pa\u00eds platino ainda n\u00e3o foi confirmada, mas, al\u00e9m de encontros bilaterais, planeja-se um novo encontro com o l\u00edder de esquerda e ex-presidente Uruguai Jos\u00e9 Pepe Mujica.<\/p>\n<h2>Gasoduto<\/h2>\n<p>Arslanian afirmou nesta sexta-feira (20) que o tema da \u201cintegra\u00e7\u00e3o gas\u00edfera\u201d com a Argentina deve ser um dos principais eixos estrat\u00e9gicos na nova rela\u00e7\u00e3o entre os pa\u00edses.<\/p>\n<p>\u201cAs conversas est\u00e3o em curso, e coisas podem acontecer durante a visita\u201d, disse o embaixador Michel Arslanian Neto. \u201cH\u00e1 um prop\u00f3sito muito claro das equipes dos dois pa\u00edses, com impulso no mais alto n\u00edvel para avan\u00e7ar em termos de integra\u00e7\u00e3o el\u00e9trica e gas\u00edfera\u201d, acrescentou.<\/p>\n<p>A Argentina tem sustentado a proposta da constru\u00e7\u00e3o de um gasoduto entre as reservas de g\u00e1s xisto (<em>shale<\/em>) da reserva de Vaca Muerta at\u00e9 o Brasil, confirmou o embaixador. \u201cO setor privado argentino e o governo t\u00eam tido muito interesse em avan\u00e7ar no gasoduto Nestor Kirchner\u201d, disse ele, que frisou o desejo do Brasil de garantir seguran\u00e7a energ\u00e9tica.<\/p>\n<p><span style=\"font-weight: 400;\">Fonte: Ag\u00eancia Brasil <\/span><\/p>\n","protected":false},"excerpt":{"rendered":"<p>Na viagem da semana que vem a Buenos Aires, primeira visita oficial de seu terceiro mandato, o presidente Luiz In\u00e1cio Lula da Silva deve assinar um acordo com a Argentina para coopera\u00e7\u00e3o cient\u00edfica e log\u00edstica nas esta\u00e7\u00f5es dos dois pa\u00edses na Ant\u00e1rtida. Outro ponto que deve ser discutido pelas equipes dos dois pa\u00edses \u00e9 o [&hellip;]<\/p>\n","protected":false},"author":246,"featured_media":209357,"comment_status":"closed","ping_status":"closed","sticky":false,"template":"","format":"standard","meta":{"footnotes":""},"categories":[436,254,439],"tags":[],"class_list":["post-209356","post","type-post","status-publish","format-standard","has-post-thumbnail","hentry","category-destaque-da-semana","category-politica","category-ultima-hora"],"_links":{"self":[{"href":"https:\/\/diarioregionaldigital.com.br\/index.php?rest_route=\/wp\/v2\/posts\/209356","targetHints":{"allow":["GET"]}}],"collection":[{"href":"https:\/\/diarioregionaldigital.com.br\/index.php?rest_route=\/wp\/v2\/posts"}],"about":[{"href":"https:\/\/diarioregionaldigital.com.br\/index.php?rest_route=\/wp\/v2\/types\/post"}],"author":[{"embeddable":true,"href":"https:\/\/diarioregionaldigital.com.br\/index.php?rest_route=\/wp\/v2\/users\/246"}],"replies":[{"embeddable":true,"href":"https:\/\/diarioregionaldigital.com.br\/index.php?rest_route=%2Fwp%2Fv2%2Fcomments&post=209356"}],"version-history":[{"count":1,"href":"https:\/\/diarioregionaldigital.com.br\/index.php?rest_route=\/wp\/v2\/posts\/209356\/revisions"}],"predecessor-version":[{"id":209358,"href":"https:\/\/diarioregionaldigital.com.br\/index.php?rest_route=\/wp\/v2\/posts\/209356\/revisions\/209358"}],"wp:featuredmedia":[{"embeddable":true,"href":"https:\/\/diarioregionaldigital.com.br\/index.php?rest_route=\/wp\/v2\/media\/209357"}],"wp:attachment":[{"href":"https:\/\/diarioregionaldigital.com.br\/index.php?rest_route=%2Fwp%2Fv2%2Fmedia&parent=209356"}],"wp:term":[{"taxonomy":"category","embeddable":true,"href":"https:\/\/diarioregionaldigital.com.br\/index.php?rest_route=%2Fwp%2Fv2%2Fcategories&post=209356"},{"taxonomy":"post_tag","embeddable":true,"href":"https:\/\/diarioregionaldigital.com.br\/index.php?rest_route=%2Fwp%2Fv2%2Ftags&post=209356"}],"curies":[{"name":"wp","href":"https:\/\/api.w.org\/{rel}","templated":true}]}}