{"id":209352,"date":"2023-01-20T18:09:00","date_gmt":"2023-01-20T21:09:00","guid":{"rendered":"https:\/\/diarioregionaldigital.com.br\/?p=209352"},"modified":"2023-01-20T18:09:00","modified_gmt":"2023-01-20T21:09:00","slug":"extremista-confessa-ter-colocado-bomba-em-caminhao-perto-de-aeroporto","status":"publish","type":"post","link":"https:\/\/diarioregionaldigital.com.br\/?p=209352","title":{"rendered":"Extremista confessa ter colocado bomba em caminh\u00e3o perto de aeroporto"},"content":{"rendered":"<p>Dois dias ap\u00f3s se entregar \u00e0 pol\u00edcia, o eletricista e taxista Alan Diego dos Santos Rodrigues confessou ter colocado a bomba em um caminh\u00e3o perto do aeroporto de Bras\u00edlia. Nesta quinta-feira (19), ele prestou depoimento ao Departamento de Combate \u00e0 Corrup\u00e7\u00e3o e ao Crime Organizado da Pol\u00edcia Civil do Distrito Federal.<img decoding=\"async\" src=\"https:\/\/agenciabrasil.ebc.com.br\/ebc.png?id=1505234&amp;o=node\" \/><img decoding=\"async\" src=\"https:\/\/agenciabrasil.ebc.com.br\/ebc.gif?id=1505234&amp;o=node\" \/><\/p>\n<p>As investiga\u00e7\u00f5es comprovaram o envolvimento de Rodrigues no atentado frustrado, com imagens de c\u00e2meras de seguran\u00e7a registrando o eletricista deixando a bomba no local. No depoimento, Rodrigues admitiu a autoria e disse ter recebido do empres\u00e1rio George Washington de Oliveira, preso em 24 de dezembro, o artefato que seria instalado no paralamas do caminh\u00e3o-tanque com mais de 60 mil litros de combust\u00edvel.<\/p>\n<p>Segundo a Pol\u00edcia Civil do DF, o depoimento confirmou a vers\u00e3o de Oliveira, que tinha dito que a ideia de instalar uma bomba partiu de Rodrigues no acampamento de extremistas em frente ao Quartel General do Ex\u00e9rcito, em Bras\u00edlia. O empres\u00e1rio produziu a bomba e repassou o artefato ao eletricista e ao jornalista Wellington Macedo de Souza, que est\u00e1 foragido, e foi quem dirigiu o carro at\u00e9 as proximidades do aeroporto.<\/p>\n<p>Os tr\u00eas suspeitos<a href=\"https:\/\/agenciabrasil.ebc.com.br\/justica\/noticia\/2023-01\/justica-aceita-denuncia-contra-acusados-de-colocar-bomba-em-aeroporto\" target=\"_blank\" rel=\"noopener\">\u00a0tornaram-se r\u00e9us<\/a>\u00a0na segunda-feira (16) pelo crime do Artigo 251 do C\u00f3digo Penal, que trata de colocar em risco a vida, a integridade f\u00edsica ou o patrim\u00f4nio por meio de explos\u00e3o. A pena nesse caso \u00e9 de pris\u00e3o de tr\u00eas a seis anos, e multa.<\/p>\n<p>George Washington tamb\u00e9m foi denunciado por ter sido encontrado com armas e muni\u00e7\u00f5es. No caso do porte ilegal de arma de fogo de uso permitido, a pena de pris\u00e3o \u00e9 de dois a quatro anos. Com rela\u00e7\u00e3o \u00e0s armas de uso restrito, a pena \u00e9 de tr\u00eas a seis anos de cadeia.<\/p>\n<p>Na tarde de ter\u00e7a-feira (17), Rodrigues\u00a0<a href=\"https:\/\/agenciabrasil.ebc.com.br\/geral\/noticia\/2023-01\/acusado-de-planejar-explodir-bomba-em-brasilia-se-entrega-policia\" target=\"_blank\" rel=\"noopener\">entregou-se \u00e0 Pol\u00edcia Civil de Mato Grosso<\/a>. A tentativa de explodir uma bomba em um caminh\u00e3o-tanque que estava parado perto do aeroporto de Bras\u00edlia ocorreu na v\u00e9spera do Natal. Ap\u00f3s o depoimento, o eletricista foi levado ao Sistema Penitenci\u00e1rio do Distrito Federal, onde permanecer\u00e1 \u00e0 disposi\u00e7\u00e3o da Justi\u00e7a.<\/p>\n<p><span style=\"font-weight: 400;\">Fonte: Ag\u00eancia Brasil <\/span><\/p>\n","protected":false},"excerpt":{"rendered":"<p>Dois dias ap\u00f3s se entregar \u00e0 pol\u00edcia, o eletricista e taxista Alan Diego dos Santos Rodrigues confessou ter colocado a bomba em um caminh\u00e3o perto do aeroporto de Bras\u00edlia. Nesta quinta-feira (19), ele prestou depoimento ao Departamento de Combate \u00e0 Corrup\u00e7\u00e3o e ao Crime Organizado da Pol\u00edcia Civil do Distrito Federal. As investiga\u00e7\u00f5es comprovaram o [&hellip;]<\/p>\n","protected":false},"author":246,"featured_media":209353,"comment_status":"closed","ping_status":"closed","sticky":false,"template":"","format":"standard","meta":{"footnotes":""},"categories":[436,254,439],"tags":[],"class_list":["post-209352","post","type-post","status-publish","format-standard","has-post-thumbnail","hentry","category-destaque-da-semana","category-politica","category-ultima-hora"],"_links":{"self":[{"href":"https:\/\/diarioregionaldigital.com.br\/index.php?rest_route=\/wp\/v2\/posts\/209352","targetHints":{"allow":["GET"]}}],"collection":[{"href":"https:\/\/diarioregionaldigital.com.br\/index.php?rest_route=\/wp\/v2\/posts"}],"about":[{"href":"https:\/\/diarioregionaldigital.com.br\/index.php?rest_route=\/wp\/v2\/types\/post"}],"author":[{"embeddable":true,"href":"https:\/\/diarioregionaldigital.com.br\/index.php?rest_route=\/wp\/v2\/users\/246"}],"replies":[{"embeddable":true,"href":"https:\/\/diarioregionaldigital.com.br\/index.php?rest_route=%2Fwp%2Fv2%2Fcomments&post=209352"}],"version-history":[{"count":2,"href":"https:\/\/diarioregionaldigital.com.br\/index.php?rest_route=\/wp\/v2\/posts\/209352\/revisions"}],"predecessor-version":[{"id":209355,"href":"https:\/\/diarioregionaldigital.com.br\/index.php?rest_route=\/wp\/v2\/posts\/209352\/revisions\/209355"}],"wp:featuredmedia":[{"embeddable":true,"href":"https:\/\/diarioregionaldigital.com.br\/index.php?rest_route=\/wp\/v2\/media\/209353"}],"wp:attachment":[{"href":"https:\/\/diarioregionaldigital.com.br\/index.php?rest_route=%2Fwp%2Fv2%2Fmedia&parent=209352"}],"wp:term":[{"taxonomy":"category","embeddable":true,"href":"https:\/\/diarioregionaldigital.com.br\/index.php?rest_route=%2Fwp%2Fv2%2Fcategories&post=209352"},{"taxonomy":"post_tag","embeddable":true,"href":"https:\/\/diarioregionaldigital.com.br\/index.php?rest_route=%2Fwp%2Fv2%2Ftags&post=209352"}],"curies":[{"name":"wp","href":"https:\/\/api.w.org\/{rel}","templated":true}]}}