{"id":209345,"date":"2023-01-20T18:04:34","date_gmt":"2023-01-20T21:04:34","guid":{"rendered":"https:\/\/diarioregionaldigital.com.br\/?p=209345"},"modified":"2023-01-20T18:04:34","modified_gmt":"2023-01-20T21:04:34","slug":"governador-afastado-do-df-e-alvo-de-busca-e-apreensao-da-pf","status":"publish","type":"post","link":"https:\/\/diarioregionaldigital.com.br\/?p=209345","title":{"rendered":"Governador afastado do DF \u00e9 alvo de busca e apreens\u00e3o da PF"},"content":{"rendered":"<p>A Pol\u00edcia Federal (PF) est\u00e1 cumprindo nesta tarde um mandado de busca e apreens\u00e3o na casa do governador afastado do Distrito Federal Ibaneis Rocha (MDB). As buscas tamb\u00e9m est\u00e3o sendo realizadas no Pal\u00e1cio do Buriti, sede do governo local.\u00a0As equipes da PF chegaram na resid\u00eancia por volta das 14h e sa\u00edram \u00e0s 16h30. O antigo escrit\u00f3rio de advocacia de Ibaneis tamb\u00e9m foi alvo das buscas.\u00a0\u00a0<img decoding=\"async\" src=\"https:\/\/agenciabrasil.ebc.com.br\/ebc.png?id=1505335&amp;o=node\" \/><img decoding=\"async\" src=\"https:\/\/agenciabrasil.ebc.com.br\/ebc.gif?id=1505335&amp;o=node\" \/><\/p>\n<p>Ibaneis \u00e9 investigado no inqu\u00e9rito aberto pelo ministro do Supremo Tribunal Federal (STF) Alexandre de Moraes, que tamb\u00e9m autorizou as buscas, para apurar a conduta das autoridades de seguran\u00e7a do Distrito Federal nos atos golpistas de 8 de janeiro.<\/p>\n<p>Al\u00e9m do governador, Fernando de Sousa Oliveira, ex-secret\u00e1rio interino de Seguran\u00e7a P\u00fablica do DF, tamb\u00e9m \u00e9 alvo de buscas.<\/p>\n<p>O afastamento do governador pelo prazo de 90 dias foi deferido para apurar a suposta omiss\u00e3o de Ibaneis e outras autoridades na conten\u00e7\u00e3o dos atos violentos na capital federal.<\/p>\n<p>Ap\u00f3s o afastamento, Ibaneis Rocha declarou que respeita a decis\u00e3o do ministro e reiterou \u201cf\u00e9 na Justi\u00e7a e nas institui\u00e7\u00f5es democr\u00e1ticas\u201d.<\/p>\n<h2>Defesa<\/h2>\n<p>Em nota divulgada ap\u00f3s a chegada dos agentes, os advogados Alberto Toron e Cleber Lopes afirmaram que as buscas v\u00e3o demonstrar a inoc\u00eancia de Ibaneis.<\/p>\n<p>\u201cO governador sempre agiu de maneira colaborativa em rela\u00e7\u00e3o \u00e0 apura\u00e7\u00e3o dos fatos em refer\u00eancia, certamente ser\u00e1 a prova definitiva da inoc\u00eancia do chefe do Executivo do Distrito Federal\u201d, diz a nota.<\/p>\n<p><span style=\"font-weight: 400;\">Fonte: Ag\u00eancia Brasil <\/span><\/p>\n","protected":false},"excerpt":{"rendered":"<p>A Pol\u00edcia Federal (PF) est\u00e1 cumprindo nesta tarde um mandado de busca e apreens\u00e3o na casa do governador afastado do Distrito Federal Ibaneis Rocha (MDB). As buscas tamb\u00e9m est\u00e3o sendo realizadas no Pal\u00e1cio do Buriti, sede do governo local.\u00a0As equipes da PF chegaram na resid\u00eancia por volta das 14h e sa\u00edram \u00e0s 16h30. O antigo [&hellip;]<\/p>\n","protected":false},"author":246,"featured_media":209346,"comment_status":"closed","ping_status":"closed","sticky":false,"template":"","format":"standard","meta":{"footnotes":""},"categories":[436,440,254,439],"tags":[],"class_list":["post-209345","post","type-post","status-publish","format-standard","has-post-thumbnail","hentry","category-destaque-da-semana","category-destaques-do-dia","category-politica","category-ultima-hora"],"_links":{"self":[{"href":"https:\/\/diarioregionaldigital.com.br\/index.php?rest_route=\/wp\/v2\/posts\/209345","targetHints":{"allow":["GET"]}}],"collection":[{"href":"https:\/\/diarioregionaldigital.com.br\/index.php?rest_route=\/wp\/v2\/posts"}],"about":[{"href":"https:\/\/diarioregionaldigital.com.br\/index.php?rest_route=\/wp\/v2\/types\/post"}],"author":[{"embeddable":true,"href":"https:\/\/diarioregionaldigital.com.br\/index.php?rest_route=\/wp\/v2\/users\/246"}],"replies":[{"embeddable":true,"href":"https:\/\/diarioregionaldigital.com.br\/index.php?rest_route=%2Fwp%2Fv2%2Fcomments&post=209345"}],"version-history":[{"count":1,"href":"https:\/\/diarioregionaldigital.com.br\/index.php?rest_route=\/wp\/v2\/posts\/209345\/revisions"}],"predecessor-version":[{"id":209347,"href":"https:\/\/diarioregionaldigital.com.br\/index.php?rest_route=\/wp\/v2\/posts\/209345\/revisions\/209347"}],"wp:featuredmedia":[{"embeddable":true,"href":"https:\/\/diarioregionaldigital.com.br\/index.php?rest_route=\/wp\/v2\/media\/209346"}],"wp:attachment":[{"href":"https:\/\/diarioregionaldigital.com.br\/index.php?rest_route=%2Fwp%2Fv2%2Fmedia&parent=209345"}],"wp:term":[{"taxonomy":"category","embeddable":true,"href":"https:\/\/diarioregionaldigital.com.br\/index.php?rest_route=%2Fwp%2Fv2%2Fcategories&post=209345"},{"taxonomy":"post_tag","embeddable":true,"href":"https:\/\/diarioregionaldigital.com.br\/index.php?rest_route=%2Fwp%2Fv2%2Ftags&post=209345"}],"curies":[{"name":"wp","href":"https:\/\/api.w.org\/{rel}","templated":true}]}}