{"id":209342,"date":"2023-01-20T17:59:01","date_gmt":"2023-01-20T20:59:01","guid":{"rendered":"https:\/\/diarioregionaldigital.com.br\/?p=209342"},"modified":"2023-01-20T17:59:01","modified_gmt":"2023-01-20T20:59:01","slug":"caixa-paga-bolsa-familia-a-beneficiarios-de-nis-de-final-3","status":"publish","type":"post","link":"https:\/\/diarioregionaldigital.com.br\/?p=209342","title":{"rendered":"Caixa paga Bolsa Fam\u00edlia a benefici\u00e1rios de NIS de final 3"},"content":{"rendered":"<p>A Caixa Econ\u00f4mica Federal paga hoje (20) a parcela de janeiro do\u00a0<a href=\"https:\/\/agenciabrasil.ebc.com.br\/tags\/bolsa-familia-0\" target=\"_blank\" rel=\"noopener\">Bolsa Fam\u00edlia<\/a>\u00a0aos benefici\u00e1rios com N\u00famero de Inscri\u00e7\u00e3o Social (NIS) de final 3. O valor m\u00ednimo corresponde a R$ 600.<img decoding=\"async\" src=\"https:\/\/agenciabrasil.ebc.com.br\/ebc.png?id=1505241&amp;o=node\" \/><img decoding=\"async\" src=\"https:\/\/agenciabrasil.ebc.com.br\/ebc.gif?id=1505241&amp;o=node\" \/><\/p>\n<p>Segundo o Minist\u00e9rio do Desenvolvimento e Assist\u00eancia Social, neste m\u00eas o programa de transfer\u00eancia de renda do Governo Federal alcan\u00e7ar\u00e1 21,9 milh\u00f5es de fam\u00edlias, com um gasto de R$ 13,38 bilh\u00f5es. O valor m\u00e9dio recebido por fam\u00edlia equivale a R$ 614,21.<\/p>\n<p>A partir deste m\u00eas, o programa social volta a chamar-se Bolsa Fam\u00edlia. O valor m\u00ednimo de R$ 600 foi garantido ap\u00f3s a aprova\u00e7\u00e3o da Emenda Constitucional da Transi\u00e7\u00e3o, que permitiu o gasto de at\u00e9 R$ 145 bilh\u00f5es fora do teto de gastos neste ano, dos quais R$ 70 bilh\u00f5es est\u00e3o destinados a custear o benef\u00edcio.<\/p>\n<p>Em publica\u00e7\u00e3o nas redes sociais, o presidente Luiz In\u00e1cio Lula da Silva escreveu que a manuten\u00e7\u00e3o da parcela m\u00ednima segue o compromisso estabelecido entre o novo governo e o Congresso Nacional. \u201cCome\u00e7aremos o pagamento de R$ 600 para fam\u00edlias benefici\u00e1rias. Compromisso firmado durante a campanha e que conseguimos gra\u00e7as a PEC que aprovamos ainda na transi\u00e7\u00e3o, j\u00e1 que o valor n\u00e3o tinha sido previsto no or\u00e7amento pelo governo anterior\u201d, postou o presidente no dia 16.<\/p>\n<p>O pagamento do adicional de R$ 150 para fam\u00edlias com crian\u00e7as de at\u00e9 6 anos de idade ainda n\u00e3o come\u00e7ou. Na semana passada, o ministro do Desenvolvimento e Assist\u00eancia Social, Wellington Dias, informou que o valor extra s\u00f3 come\u00e7ar\u00e1 a ser pago em mar\u00e7o, ap\u00f3s o governo fazer um pente-fino no Cadastro \u00danico para Programas Sociais do Governo Federal (Cad\u00danico), para eliminar fraudes.<\/p>\n<p>No modelo tradicional do Bolsa Fam\u00edlia, o pagamento ocorre nos \u00faltimos 10 dias \u00fateis de cada m\u00eas. O benefici\u00e1rio poder\u00e1 consultar informa\u00e7\u00f5es sobre as datas de pagamento, o valor do benef\u00edcio e a composi\u00e7\u00e3o das parcelas no aplicativo Caixa Tem, usado para acompanhar as contas poupan\u00e7a digitais do banco.<\/p>\n<div class=\"dnd-widget-wrapper context-cheio_8colunas type-image\">\n<div class=\"dnd-atom-rendered\">\n<div class=\"shadow overflow-hidden rounded-lg d-block zoom-on-hover-sm shadow-hover w-100\"><img decoding=\"async\" class=\"flex-fill img-cover\" title=\"Minist\u00e9rio do Desenvolvimento Social e Combate \u00e0 Fome\" src=\"https:\/\/imagens.ebc.com.br\/QYjl1OagWUuxrbt3mEkIZWeBGtw=\/754x0\/smart\/https:\/\/agenciabrasil.ebc.com.br\/sites\/default\/files\/thumbnails\/image\/calendario_bolsa_familia_janeiro_2023.jpg?itok=gvhr8-lx\" alt=\"Calend\u00e1rio Bolsa Fam\u00edlia de Janeiro de 2023\" \/><\/div>\n<\/div>\n<div class=\"dnd-caption-wrapper\">\n<div class=\"meta\"><\/div>\n<\/div>\n<\/div>\n<h2>Aux\u00edlio G\u00e1s<\/h2>\n<p>Neste m\u00eas n\u00e3o haver\u00e1 o pagamento do Aux\u00edlio G\u00e1s, que beneficia fam\u00edlias cadastradas no Cad\u00danico. Como o benef\u00edcio s\u00f3 \u00e9 pago a cada 2 meses, o pagamento voltar\u00e1 em fevereiro.<\/p>\n<p>S\u00f3 pode receber o Aux\u00edlio G\u00e1s quem est\u00e1 inclu\u00eddo no Cad\u00danico e tenha pelo menos um membro da fam\u00edlia que receba o Benef\u00edcio de Presta\u00e7\u00e3o Continuada (BPC). A lei que criou o programa definiu que a mulher respons\u00e1vel pela fam\u00edlia ter\u00e1 prefer\u00eancia, assim como mulheres v\u00edtimas de viol\u00eancia dom\u00e9stica.<\/p>\n<p><span style=\"font-weight: 400;\">Fonte: Ag\u00eancia Brasil <\/span><\/p>\n","protected":false},"excerpt":{"rendered":"<p>A Caixa Econ\u00f4mica Federal paga hoje (20) a parcela de janeiro do\u00a0Bolsa Fam\u00edlia\u00a0aos benefici\u00e1rios com N\u00famero de Inscri\u00e7\u00e3o Social (NIS) de final 3. O valor m\u00ednimo corresponde a R$ 600. Segundo o Minist\u00e9rio do Desenvolvimento e Assist\u00eancia Social, neste m\u00eas o programa de transfer\u00eancia de renda do Governo Federal alcan\u00e7ar\u00e1 21,9 milh\u00f5es de fam\u00edlias, com [&hellip;]<\/p>\n","protected":false},"author":246,"featured_media":209343,"comment_status":"closed","ping_status":"closed","sticky":false,"template":"","format":"standard","meta":{"footnotes":""},"categories":[436,261,439],"tags":[],"class_list":["post-209342","post","type-post","status-publish","format-standard","has-post-thumbnail","hentry","category-destaque-da-semana","category-economia","category-ultima-hora"],"_links":{"self":[{"href":"https:\/\/diarioregionaldigital.com.br\/index.php?rest_route=\/wp\/v2\/posts\/209342","targetHints":{"allow":["GET"]}}],"collection":[{"href":"https:\/\/diarioregionaldigital.com.br\/index.php?rest_route=\/wp\/v2\/posts"}],"about":[{"href":"https:\/\/diarioregionaldigital.com.br\/index.php?rest_route=\/wp\/v2\/types\/post"}],"author":[{"embeddable":true,"href":"https:\/\/diarioregionaldigital.com.br\/index.php?rest_route=\/wp\/v2\/users\/246"}],"replies":[{"embeddable":true,"href":"https:\/\/diarioregionaldigital.com.br\/index.php?rest_route=%2Fwp%2Fv2%2Fcomments&post=209342"}],"version-history":[{"count":1,"href":"https:\/\/diarioregionaldigital.com.br\/index.php?rest_route=\/wp\/v2\/posts\/209342\/revisions"}],"predecessor-version":[{"id":209344,"href":"https:\/\/diarioregionaldigital.com.br\/index.php?rest_route=\/wp\/v2\/posts\/209342\/revisions\/209344"}],"wp:featuredmedia":[{"embeddable":true,"href":"https:\/\/diarioregionaldigital.com.br\/index.php?rest_route=\/wp\/v2\/media\/209343"}],"wp:attachment":[{"href":"https:\/\/diarioregionaldigital.com.br\/index.php?rest_route=%2Fwp%2Fv2%2Fmedia&parent=209342"}],"wp:term":[{"taxonomy":"category","embeddable":true,"href":"https:\/\/diarioregionaldigital.com.br\/index.php?rest_route=%2Fwp%2Fv2%2Fcategories&post=209342"},{"taxonomy":"post_tag","embeddable":true,"href":"https:\/\/diarioregionaldigital.com.br\/index.php?rest_route=%2Fwp%2Fv2%2Ftags&post=209342"}],"curies":[{"name":"wp","href":"https:\/\/api.w.org\/{rel}","templated":true}]}}