{"id":209338,"date":"2023-01-20T17:56:54","date_gmt":"2023-01-20T20:56:54","guid":{"rendered":"https:\/\/diarioregionaldigital.com.br\/?p=209338"},"modified":"2023-01-20T17:56:54","modified_gmt":"2023-01-20T20:56:54","slug":"antt-atualiza-tabela-do-piso-minimo-de-frete-rodoviario-2","status":"publish","type":"post","link":"https:\/\/diarioregionaldigital.com.br\/?p=209338","title":{"rendered":"ANTT atualiza tabela do piso m\u00ednimo de frete rodovi\u00e1rio"},"content":{"rendered":"<p>A Ag\u00eancia Nacional de Transportes Terrestres (ANTT) publicou hoje (20) no\u00a0<em>Di\u00e1rio Oficial da Uni\u00e3o<\/em>\u00a0uma tabela com os novos pre\u00e7os m\u00ednimos de frete rodovi\u00e1rio. A atualiza\u00e7\u00e3o traz um reajuste m\u00e9dio que varia entre 8,35% e 13,19%, segundo o tipo de carga, quantidade de eixos e se a opera\u00e7\u00e3o de transporte \u00e9 caracterizada como alto desempenho.<img decoding=\"async\" src=\"https:\/\/agenciabrasil.ebc.com.br\/ebc.png?id=1505298&amp;o=node\" \/><img decoding=\"async\" src=\"https:\/\/agenciabrasil.ebc.com.br\/ebc.gif?id=1505298&amp;o=node\" \/><\/p>\n<p>Segundo a\u00a0<a href=\"https:\/\/www.in.gov.br\/web\/dou\/-\/resolucao-n-6.006-de-19-de-janeiro-de-2023-458995723\" target=\"_blank\" rel=\"noopener\">resolu\u00e7\u00e3o da ag\u00eancia reguladora<\/a>, a revis\u00e3o dos valores priorizou par\u00e2metros mercadol\u00f3gicos e outros insumos n\u00e3o operacionais, a exemplo do pre\u00e7o do diesel (S10); o sal\u00e1rio dos motoristas (vari\u00e1vel utilizada para mensura\u00e7\u00e3o do custo de m\u00e3o de obra); o pre\u00e7o do pneu; entre outros.<\/p>\n<p>Os valores foram reajustados com base no \u00edndice de Pre\u00e7os ao Consumidor Amplo (IPCA), data-base de novembro de 2022.<\/p>\n<p>No caso do transporte rodovi\u00e1rio de carga lota\u00e7\u00e3o, o reajuste foi de 13,19%; para a contrata\u00e7\u00e3o apenas do ve\u00edculo automotor de cargas a tabela foi reajustada em 12,26%; para transporte rodovi\u00e1rio de carga lota\u00e7\u00e3o de alto desempenho o valor foi atualizado em 10,08%; j\u00e1 a contra\u00e7\u00e3o apenas do ve\u00edculo automotor de carga de alto desempenho teve atualiza\u00e7\u00e3o de 8,35%.<\/p>\n<p>Cabe \u00e0 ANTT elaborar a metodologia a ser aplicada no c\u00e1lculo da tabela com os pisos m\u00ednimos de fretes referentes ao quil\u00f4metro rodado na realiza\u00e7\u00e3o de frete, por eixo carregado, para diferentes tipos de carga (geral, a granel, frigorificada, perigosa e neogranel).<\/p>\n<p>A legisla\u00e7\u00e3o que estabeleceu a tabela de piso m\u00ednimo de frete rodovi\u00e1rio determina ainda que ela seja atualizada semestralmente, devendo ocorrer at\u00e9 os dias 20 de janeiro e 20 de julho de cada ano ou sempre que houver oscila\u00e7\u00e3o superior a 10% no pre\u00e7o do \u00f3leo diesel.<\/p>\n<p><span style=\"font-weight: 400;\">Fonte: Ag\u00eancia Brasil <\/span><\/p>\n","protected":false},"excerpt":{"rendered":"<p>A Ag\u00eancia Nacional de Transportes Terrestres (ANTT) publicou hoje (20) no\u00a0Di\u00e1rio Oficial da Uni\u00e3o\u00a0uma tabela com os novos pre\u00e7os m\u00ednimos de frete rodovi\u00e1rio. A atualiza\u00e7\u00e3o traz um reajuste m\u00e9dio que varia entre 8,35% e 13,19%, segundo o tipo de carga, quantidade de eixos e se a opera\u00e7\u00e3o de transporte \u00e9 caracterizada como alto desempenho. Segundo [&hellip;]<\/p>\n","protected":false},"author":246,"featured_media":209339,"comment_status":"closed","ping_status":"closed","sticky":false,"template":"","format":"standard","meta":{"footnotes":""},"categories":[436,261,439],"tags":[],"class_list":["post-209338","post","type-post","status-publish","format-standard","has-post-thumbnail","hentry","category-destaque-da-semana","category-economia","category-ultima-hora"],"_links":{"self":[{"href":"https:\/\/diarioregionaldigital.com.br\/index.php?rest_route=\/wp\/v2\/posts\/209338","targetHints":{"allow":["GET"]}}],"collection":[{"href":"https:\/\/diarioregionaldigital.com.br\/index.php?rest_route=\/wp\/v2\/posts"}],"about":[{"href":"https:\/\/diarioregionaldigital.com.br\/index.php?rest_route=\/wp\/v2\/types\/post"}],"author":[{"embeddable":true,"href":"https:\/\/diarioregionaldigital.com.br\/index.php?rest_route=\/wp\/v2\/users\/246"}],"replies":[{"embeddable":true,"href":"https:\/\/diarioregionaldigital.com.br\/index.php?rest_route=%2Fwp%2Fv2%2Fcomments&post=209338"}],"version-history":[{"count":2,"href":"https:\/\/diarioregionaldigital.com.br\/index.php?rest_route=\/wp\/v2\/posts\/209338\/revisions"}],"predecessor-version":[{"id":209341,"href":"https:\/\/diarioregionaldigital.com.br\/index.php?rest_route=\/wp\/v2\/posts\/209338\/revisions\/209341"}],"wp:featuredmedia":[{"embeddable":true,"href":"https:\/\/diarioregionaldigital.com.br\/index.php?rest_route=\/wp\/v2\/media\/209339"}],"wp:attachment":[{"href":"https:\/\/diarioregionaldigital.com.br\/index.php?rest_route=%2Fwp%2Fv2%2Fmedia&parent=209338"}],"wp:term":[{"taxonomy":"category","embeddable":true,"href":"https:\/\/diarioregionaldigital.com.br\/index.php?rest_route=%2Fwp%2Fv2%2Fcategories&post=209338"},{"taxonomy":"post_tag","embeddable":true,"href":"https:\/\/diarioregionaldigital.com.br\/index.php?rest_route=%2Fwp%2Fv2%2Ftags&post=209338"}],"curies":[{"name":"wp","href":"https:\/\/api.w.org\/{rel}","templated":true}]}}