{"id":209333,"date":"2023-01-20T17:54:18","date_gmt":"2023-01-20T20:54:18","guid":{"rendered":"https:\/\/diarioregionaldigital.com.br\/?p=209333"},"modified":"2023-01-20T17:54:55","modified_gmt":"2023-01-20T20:54:55","slug":"inflacao-de-2022-seria-9-sem-cortes-de-impostos-diz-campos-neto","status":"publish","type":"post","link":"https:\/\/diarioregionaldigital.com.br\/?p=209333","title":{"rendered":"Infla\u00e7\u00e3o de 2022 seria 9% sem cortes de impostos, diz Campos Neto"},"content":{"rendered":"<p>A infla\u00e7\u00e3o teria fechado 2022 em 9% n\u00e3o fossem os cortes de impostos sobre combust\u00edveis e energia el\u00e9trica, disse hoje (19) o presidente do Banco Central (BC), Roberto Campos Neto. Em semin\u00e1rio promovido por uma universidade norte-americana, ele defendeu a autonomia do \u00f3rg\u00e3o, condenou os atos terroristas do \u00faltimo dia 8 e anunciou o interesse de outros pa\u00edses em adotar o Pix.<img decoding=\"async\" src=\"https:\/\/agenciabrasil.ebc.com.br\/ebc.png?id=1505224&amp;o=node\" \/><img decoding=\"async\" src=\"https:\/\/agenciabrasil.ebc.com.br\/ebc.gif?id=1505224&amp;o=node\" \/><\/p>\n<p>De acordo com Campos Neto, parte da desinfla\u00e7\u00e3o observada no segundo semestre decorreu dos cortes de impostos sobre combust\u00edveis e energia el\u00e9trica. \u201cA infla\u00e7\u00e3o [oficial pelo IPCA] estaria em 9%, e n\u00e3o em 5,8%, se n\u00e3o fosse essa redu\u00e7\u00e3o de impostos\u201d, afirmou.<\/p>\n<p>Em rela\u00e7\u00e3o \u00e0 taxa Selic (juros b\u00e1sicos da economia), que est\u00e1 em 13,75% ao ano, Campos Neto reconheceu que os juros est\u00e3o altos, mas disse que um corte no curto prazo pouco ajudaria o pa\u00eds a atrair investimentos. \u201cEntendemos que nossa taxa de juros est\u00e1 alta, mas n\u00e3o manejamos curva futura, s\u00f3 a meta da Selic. N\u00e3o ajudaria em nada cortar o juro de curto prazo, porque os investimentos usam taxas de longo prazo\u201d, explicou.<\/p>\n<h2>Autonomia<\/h2>\n<p>Em rela\u00e7\u00e3o \u00e0 autonomia do Banco Central, Campos Neto respondeu \u00e0s cr\u00edticas feitas ontem (18) pelo presidente Luiz In\u00e1cio Lula da Silva. Em entrevista a uma emissora de TV, Lula classificou de \u201cbobagem\u201d a autonomia do BC e perguntou por que a independ\u00eancia do \u00f3rg\u00e3o freou pouco a infla\u00e7\u00e3o.<\/p>\n<p>Campos Neto afirmou que, em algumas entrevistas, informa\u00e7\u00f5es s\u00e3o retiradas de contexto e disse que as declara\u00e7\u00f5es deveriam ser vistas sob um olhar mais amplo, da necessidade de a independ\u00eancia existir sob a lei. \u201cSe voc\u00ea olha a entrevista, de um lado, ele se orgulha por [Henrique] Meirelles [ex-presidente do BC] ter tido independ\u00eancia. De outro lado, o que acho que ele quis dizer foi \u2018eu n\u00e3o acho que precisamos ter a independ\u00eancia na lei, pode ter a independ\u00eancia sem a lei e fazer as coisas funcionarem\u2019\u201d, disse.<\/p>\n<p>Mesmo assim, o presidente do BC, que tem mandato at\u00e9 o fim de 2024, defendeu a autonomia formal do \u00f3rg\u00e3o. \u201cQuando voc\u00ea pensa no que est\u00e1 acontecendo no Brasil e qu\u00e3o dif\u00edcil foi o processo da elei\u00e7\u00e3o no Brasil, acho que o mercado estaria bem mais vol\u00e1til se o Banco Central n\u00e3o tivesse a autonomia na lei. Seria outro elemento de incerteza\u201d, declarou.<\/p>\n<p>Durante a tarde, o ministro de Rela\u00e7\u00f5es Institucionais, Alexandre Padilha, negou a inten\u00e7\u00e3o do governo de mudar o status do BC. Em postagem nas redes sociais, escreveu que \u201co presidente [Lula] n\u00e3o vai mudar de postura agora, ainda mais com uma lei que estabelece regras nesse sentido\u201d.<\/p>\n<h2>Atos terroristas<\/h2>\n<p>O presidente do BC condenou a invas\u00e3o de pr\u00e9dios dos Tr\u00eas Poderes ocorridas no dia 8 e reconheceu que os atos antidemocr\u00e1ticos impactam a credibilidade do Brasil no exterior. Segundo ele, a imagem do pa\u00eds perante o mercado externo \u00e9 essencial para atrair investimentos e manter o ritmo de crescimento da economia.<\/p>\n<p>\u201cO Brasil est\u00e1 passando por momentos dif\u00edceis ultimamente. Vimos o que aconteceu no dia 8. N\u00f3s condenamos fortemente, \u00e9 inaceit\u00e1vel. Espero que sejamos capazes de investigar e punir as pessoas respons\u00e1veis por isso. Acho que \u00e9 um dano para a credibilidade do pa\u00eds e precisamos de credibilidade agora para voltar a crescer em ritmo sustent\u00e1vel\u201d, afirmou.<\/p>\n<h2>Pix<\/h2>\n<p>O presidente do BC tamb\u00e9m disse que o \u00f3rg\u00e3o abrir\u00e1 o protocolo para a cria\u00e7\u00e3o do Pix a bancos centrais que tenham interesse. Isso abriria a possibilidade de que o sistema de transfer\u00eancias instant\u00e2neas seja aplicado em outros pa\u00edses. Campos Neto disse ter tratado sobre o assunto com o Canad\u00e1, Col\u00f4mbia, Equador, Estados Unidos, Peru e Uruguai.<\/p>\n<p><span style=\"font-weight: 400;\">Fonte: Ag\u00eancia Brasil <\/span><\/p>\n","protected":false},"excerpt":{"rendered":"<p>A infla\u00e7\u00e3o teria fechado 2022 em 9% n\u00e3o fossem os cortes de impostos sobre combust\u00edveis e energia el\u00e9trica, disse hoje (19) o presidente do Banco Central (BC), Roberto Campos Neto. Em semin\u00e1rio promovido por uma universidade norte-americana, ele defendeu a autonomia do \u00f3rg\u00e3o, condenou os atos terroristas do \u00faltimo dia 8 e anunciou o interesse [&hellip;]<\/p>\n","protected":false},"author":246,"featured_media":209337,"comment_status":"closed","ping_status":"closed","sticky":false,"template":"","format":"standard","meta":{"footnotes":""},"categories":[436,261,439],"tags":[],"class_list":["post-209333","post","type-post","status-publish","format-standard","has-post-thumbnail","hentry","category-destaque-da-semana","category-economia","category-ultima-hora"],"_links":{"self":[{"href":"https:\/\/diarioregionaldigital.com.br\/index.php?rest_route=\/wp\/v2\/posts\/209333","targetHints":{"allow":["GET"]}}],"collection":[{"href":"https:\/\/diarioregionaldigital.com.br\/index.php?rest_route=\/wp\/v2\/posts"}],"about":[{"href":"https:\/\/diarioregionaldigital.com.br\/index.php?rest_route=\/wp\/v2\/types\/post"}],"author":[{"embeddable":true,"href":"https:\/\/diarioregionaldigital.com.br\/index.php?rest_route=\/wp\/v2\/users\/246"}],"replies":[{"embeddable":true,"href":"https:\/\/diarioregionaldigital.com.br\/index.php?rest_route=%2Fwp%2Fv2%2Fcomments&post=209333"}],"version-history":[{"count":2,"href":"https:\/\/diarioregionaldigital.com.br\/index.php?rest_route=\/wp\/v2\/posts\/209333\/revisions"}],"predecessor-version":[{"id":209336,"href":"https:\/\/diarioregionaldigital.com.br\/index.php?rest_route=\/wp\/v2\/posts\/209333\/revisions\/209336"}],"wp:featuredmedia":[{"embeddable":true,"href":"https:\/\/diarioregionaldigital.com.br\/index.php?rest_route=\/wp\/v2\/media\/209337"}],"wp:attachment":[{"href":"https:\/\/diarioregionaldigital.com.br\/index.php?rest_route=%2Fwp%2Fv2%2Fmedia&parent=209333"}],"wp:term":[{"taxonomy":"category","embeddable":true,"href":"https:\/\/diarioregionaldigital.com.br\/index.php?rest_route=%2Fwp%2Fv2%2Fcategories&post=209333"},{"taxonomy":"post_tag","embeddable":true,"href":"https:\/\/diarioregionaldigital.com.br\/index.php?rest_route=%2Fwp%2Fv2%2Ftags&post=209333"}],"curies":[{"name":"wp","href":"https:\/\/api.w.org\/{rel}","templated":true}]}}