{"id":209324,"date":"2023-01-20T00:02:15","date_gmt":"2023-01-20T03:02:15","guid":{"rendered":"https:\/\/diarioregionaldigital.com.br\/?p=209324"},"modified":"2023-01-19T23:58:37","modified_gmt":"2023-01-20T02:58:37","slug":"a-bencao-de-envelhecer","status":"publish","type":"post","link":"https:\/\/diarioregionaldigital.com.br\/?p=209324","title":{"rendered":"A b\u00ean\u00e7\u00e3o de envelhecer"},"content":{"rendered":"<p>\u201cO cabelo grisalho \u00e9 uma coroa de esplendor, e se obt\u00e9m mediante uma vida justa\u201d (Prov\u00e9rbios 16: 31).<\/p>\n<p>Uma das preocupa\u00e7\u00f5es mais recorrentes da nossa esp\u00e9cie, que em quase 100% das vezes causa algum tipo de inquieta\u00e7\u00e3o ou ansiedade ou at\u00e9 mesmo tristeza, \u00e9 o fato de envelhecer. E n\u00e3o deveria ser assim!<\/p>\n<p>&#8220;Levantem-se na presen\u00e7a dos idosos, honrem os anci\u00e3os, tema o seu Deus. Eu sou o Senhor\u201d (Lev\u00edtico 19: 32).<\/p>\n<p>As Escrituras nos ensinam que o envelhecimento \u00e9 uma d\u00e1diva maravilhosa: \u201cVida longa eu lhe darei, e lhe mostrarei a minha salva\u00e7\u00e3o\u201d (Salmos 91: 16).<\/p>\n<p>Ao n\u00e3o perceberem como b\u00ean\u00e7\u00e3o, algumas pessoas se angustiam com as transforma\u00e7\u00f5es que ocorrem na sua apar\u00eancia f\u00edsica. Por\u00e9m, n\u00e3o deveriam, porque cada \u00e9poca da vida tr\u00e1s a sua pr\u00f3pria forma de beleza:<\/p>\n<p>\u201cA beleza dos jovens est\u00e1 na sua for\u00e7a, e o enfeite dos velhos s\u00e3o os seus cabelos brancos\u201d (Prov\u00e9rbios 20: 29).<\/p>\n<p>O que cada pessoa precisa ter em mente \u00e9 que a formosura, a est\u00e9tica que agrada aos olhos, em algum momento se vai e que, portanto, importa plantar o quanto antes as sementes da beleza que ir\u00e1 florescer na maturidade: \u201cA formosura \u00e9 uma ilus\u00e3o, e a beleza acaba, mas a mulher que teme o Senhor Deus ser\u00e1 elogiada\u201d (Prov\u00e9rbios 31: 30).<\/p>\n<p>Outra situa\u00e7\u00e3o que perturba mais e mais na medida em que os anos passam \u00e9 a err\u00f4nea perspectiva de que a velhice torna a pessoa improdutiva. Pois a B\u00edblia diz o contr\u00e1rio: \u201cMesmo na velhice dar\u00e3o fruto, permanecer\u00e3o vi\u00e7osos e verdejantes\u201d (Salmos 92: 14).<\/p>\n<p>Outra ang\u00fastia recorrente \u00e9 a sensa\u00e7\u00e3o de finitude e de que o melhor da vida j\u00e1 passou, pois a Palavra de Deus nos diz que tais sentimentos s\u00e3o v\u00e3os, uma vez que nEle a renova\u00e7\u00e3o \u00e9 permanente:<\/p>\n<p>\u201cPor isso n\u00e3o desanimamos. Embora exteriormente estejamos a desgastar-nos, interiormente estamos sendo renovados dia ap\u00f3s dia, pois os nossos sofrimentos leves e moment\u00e2neos est\u00e3o produzindo para n\u00f3s uma gl\u00f3ria eterna que pesa mais do que todos eles. Assim, fixamos os olhos, n\u00e3o naquilo que se v\u00ea, mas no que n\u00e3o se v\u00ea, pois o que se v\u00ea \u00e9 transit\u00f3rio, mas o que n\u00e3o se v\u00ea \u00e9 eterno\u201d (2 Cor\u00edntios 4: 16-18).<\/p>\n<p>A verdade \u00e9 que \u00e9 preciso saber envelhecer, sendo o pr\u00f3prio Deus Quem ministra essa li\u00e7\u00e3o: \u201cEnsina-nos a contar os nossos dias para que o nosso cora\u00e7\u00e3o alcance sabedoria\u201d (Salmos 90: 12).<\/p>\n<p>\u00c9 preciso refor\u00e7ar os la\u00e7os com o Pai sempre e em todas as ocasi\u00f5es, pois Ele j\u00e1 nos garantiu, empenhando a Sua Sublime Palavra, que ir\u00e1 cuidar de tudo para que cada um de n\u00f3s tenha uma velhice sossegada:<\/p>\n<p>\u201cMesmo na sua velhice, quando tiverem cabelos brancos, sou eu aquele, aquele que os suster\u00e1. Eu os fiz e eu os levarei; eu os susterei e eu os salvarei\u201d (Isa\u00edas 46: 4).<\/p>\n","protected":false},"excerpt":{"rendered":"<p>\u201cO cabelo grisalho \u00e9 uma coroa de esplendor, e se obt\u00e9m mediante uma vida justa\u201d (Prov\u00e9rbios 16: 31). Uma das preocupa\u00e7\u00f5es mais recorrentes da nossa esp\u00e9cie, que em quase 100% das vezes causa algum tipo de inquieta\u00e7\u00e3o ou ansiedade ou at\u00e9 mesmo tristeza, \u00e9 o fato de envelhecer. E n\u00e3o deveria ser assim! &#8220;Levantem-se na [&hellip;]<\/p>\n","protected":false},"author":96,"featured_media":0,"comment_status":"closed","ping_status":"closed","sticky":false,"template":"","format":"standard","meta":{"footnotes":""},"categories":[1244],"tags":[],"class_list":["post-209324","post","type-post","status-publish","format-standard","hentry","category-oleg-abramov"],"_links":{"self":[{"href":"https:\/\/diarioregionaldigital.com.br\/index.php?rest_route=\/wp\/v2\/posts\/209324","targetHints":{"allow":["GET"]}}],"collection":[{"href":"https:\/\/diarioregionaldigital.com.br\/index.php?rest_route=\/wp\/v2\/posts"}],"about":[{"href":"https:\/\/diarioregionaldigital.com.br\/index.php?rest_route=\/wp\/v2\/types\/post"}],"author":[{"embeddable":true,"href":"https:\/\/diarioregionaldigital.com.br\/index.php?rest_route=\/wp\/v2\/users\/96"}],"replies":[{"embeddable":true,"href":"https:\/\/diarioregionaldigital.com.br\/index.php?rest_route=%2Fwp%2Fv2%2Fcomments&post=209324"}],"version-history":[{"count":1,"href":"https:\/\/diarioregionaldigital.com.br\/index.php?rest_route=\/wp\/v2\/posts\/209324\/revisions"}],"predecessor-version":[{"id":209325,"href":"https:\/\/diarioregionaldigital.com.br\/index.php?rest_route=\/wp\/v2\/posts\/209324\/revisions\/209325"}],"wp:attachment":[{"href":"https:\/\/diarioregionaldigital.com.br\/index.php?rest_route=%2Fwp%2Fv2%2Fmedia&parent=209324"}],"wp:term":[{"taxonomy":"category","embeddable":true,"href":"https:\/\/diarioregionaldigital.com.br\/index.php?rest_route=%2Fwp%2Fv2%2Fcategories&post=209324"},{"taxonomy":"post_tag","embeddable":true,"href":"https:\/\/diarioregionaldigital.com.br\/index.php?rest_route=%2Fwp%2Fv2%2Ftags&post=209324"}],"curies":[{"name":"wp","href":"https:\/\/api.w.org\/{rel}","templated":true}]}}