{"id":209316,"date":"2023-01-19T20:56:19","date_gmt":"2023-01-19T23:56:19","guid":{"rendered":"https:\/\/diarioregionaldigital.com.br\/?p=209316"},"modified":"2023-01-19T20:56:19","modified_gmt":"2023-01-19T23:56:19","slug":"prefeitura-revitaliza-local-de-descarte-irregular-de-lixo-no-manoel-honorio","status":"publish","type":"post","link":"https:\/\/diarioregionaldigital.com.br\/?p=209316","title":{"rendered":"Prefeitura revitaliza local de descarte irregular de lixo no Manoel Hon\u00f3rio"},"content":{"rendered":"<p>Segundo informa\u00e7\u00f5es do site da Prefeitura de Juiz de Fora (PJF), a PJF\u00a0 iniciou nesta quarta-feira, 18, a revitaliza\u00e7\u00e3o de um ponto cr\u00edtico de descarte irregular de lixo na Rua Eug\u00eanio Fontainha, no bairro Manoel Hon\u00f3rio. A iniciativa integra o Programa Boniteza.<\/p>\n<div id=\"box_texto_noticia\">\n<p>&nbsp;<\/p>\n<p>Ap\u00f3s a limpeza do local, realizada pelo Departamento Municipal de Limpeza Urbana (Demlurb), a equipe do Horto Florestal da Empresa Municipal de Pavimenta\u00e7\u00e3o e Urbanidades (Empav) iniciou o plantio de mudas de diversas esp\u00e9cies de plantas ornamentais.<br \/>\nA secret\u00e1ria de Governo, Cidinha Louzada, destaca que a iniciativa \u00e9 importante para valorizar o espa\u00e7o p\u00fablico. \u201cUm dos objetivos do Programa Boniteza \u00e9 ressignificar locais. Antes, esse espa\u00e7o era utilizado para descarte irregular de entulho. Al\u00e9m de ser pass\u00edvel de multa e poluir o meio ambiente, tamb\u00e9m gerava retrabalho para os servidores do Demlurb. Agora, com o plantio das mudas, o espa\u00e7o deu lugar a um jardim que deve ser preservado e valorizado pela popula\u00e7\u00e3o\u201d, diz.<br \/>\nA expectativa \u00e9 que sejam plantadas no local mais de 1.500 mudas de plantas como dracena-vermelha, dracena-baby, hibisco, agave, iresine, ilka, piteira, sing\u00f4nio, Lambari-roxo, acalifa, cacto, entre outras.<br \/>\nOs trabalhos envolvem, al\u00e9m dos trabalhadores do Horto, dez acauteladas do sistema prisional que fazem parte do conv\u00eanio firmado entre a PJF e a Penitenci\u00e1ria Jos\u00e9 Edson Cavalieri (Pjec). A previs\u00e3o \u00e9 que os trabalhos sejam conclu\u00eddos ainda nesta sexta-feira, 20.<br \/>\n<strong>Flagrou o descarte irregular de entulho? Denuncie!<\/strong><br \/>\nCabe lembrar que o descarte irregular de lixo \u00e9 um crime ambiental. Den\u00fancias de flagrantes podem ser feitas atrav\u00e9s do WhatsApp da Fiscaliza\u00e7\u00e3o: 3690-7984. Precisou descartar algum entulho? Procure um dos ecopontos da PJF, cujos endere\u00e7os podem ser encontrados<a href=\"https:\/\/demlurb.pjf.mg.gov.br\/ecopontos.php\">\u00a0aqui.<\/a><\/p>\n<\/div>\n<p>&nbsp;<\/p>\n<div id=\"box_compartilhar\" align=\"right\"><\/div>\n","protected":false},"excerpt":{"rendered":"<p>Segundo informa\u00e7\u00f5es do site da Prefeitura de Juiz de Fora (PJF), a PJF\u00a0 iniciou nesta quarta-feira, 18, a revitaliza\u00e7\u00e3o de um ponto cr\u00edtico de descarte irregular de lixo na Rua Eug\u00eanio Fontainha, no bairro Manoel Hon\u00f3rio. A iniciativa integra o Programa Boniteza. &nbsp; Ap\u00f3s a limpeza do local, realizada pelo Departamento Municipal de Limpeza Urbana [&hellip;]<\/p>\n","protected":false},"author":246,"featured_media":209317,"comment_status":"closed","ping_status":"closed","sticky":false,"template":"","format":"standard","meta":{"footnotes":""},"categories":[253,436,439],"tags":[],"class_list":["post-209316","post","type-post","status-publish","format-standard","has-post-thumbnail","hentry","category-cidade","category-destaque-da-semana","category-ultima-hora"],"_links":{"self":[{"href":"https:\/\/diarioregionaldigital.com.br\/index.php?rest_route=\/wp\/v2\/posts\/209316","targetHints":{"allow":["GET"]}}],"collection":[{"href":"https:\/\/diarioregionaldigital.com.br\/index.php?rest_route=\/wp\/v2\/posts"}],"about":[{"href":"https:\/\/diarioregionaldigital.com.br\/index.php?rest_route=\/wp\/v2\/types\/post"}],"author":[{"embeddable":true,"href":"https:\/\/diarioregionaldigital.com.br\/index.php?rest_route=\/wp\/v2\/users\/246"}],"replies":[{"embeddable":true,"href":"https:\/\/diarioregionaldigital.com.br\/index.php?rest_route=%2Fwp%2Fv2%2Fcomments&post=209316"}],"version-history":[{"count":1,"href":"https:\/\/diarioregionaldigital.com.br\/index.php?rest_route=\/wp\/v2\/posts\/209316\/revisions"}],"predecessor-version":[{"id":209318,"href":"https:\/\/diarioregionaldigital.com.br\/index.php?rest_route=\/wp\/v2\/posts\/209316\/revisions\/209318"}],"wp:featuredmedia":[{"embeddable":true,"href":"https:\/\/diarioregionaldigital.com.br\/index.php?rest_route=\/wp\/v2\/media\/209317"}],"wp:attachment":[{"href":"https:\/\/diarioregionaldigital.com.br\/index.php?rest_route=%2Fwp%2Fv2%2Fmedia&parent=209316"}],"wp:term":[{"taxonomy":"category","embeddable":true,"href":"https:\/\/diarioregionaldigital.com.br\/index.php?rest_route=%2Fwp%2Fv2%2Fcategories&post=209316"},{"taxonomy":"post_tag","embeddable":true,"href":"https:\/\/diarioregionaldigital.com.br\/index.php?rest_route=%2Fwp%2Fv2%2Ftags&post=209316"}],"curies":[{"name":"wp","href":"https:\/\/api.w.org\/{rel}","templated":true}]}}