{"id":209313,"date":"2023-01-19T20:54:07","date_gmt":"2023-01-19T23:54:07","guid":{"rendered":"https:\/\/diarioregionaldigital.com.br\/?p=209313"},"modified":"2023-01-19T20:54:07","modified_gmt":"2023-01-19T23:54:07","slug":"smu-inicia-vistoria-de-veiculos-de-transporte-escolar-na-segunda-feira-23","status":"publish","type":"post","link":"https:\/\/diarioregionaldigital.com.br\/?p=209313","title":{"rendered":"SMU inicia vistoria de ve\u00edculos de transporte escolar na segunda-feira, 23"},"content":{"rendered":"<p>Segundo informa\u00e7\u00f5es do site da Prefeitura de Juiz de Fora (PJF), a\u00a0vistoria do primeiro semestre dos ve\u00edculos que realizam o transporte escolar na cidade ser\u00e1 realizada a partir da pr\u00f3xima segunda-feira, 23, pela Secretaria de Mobilidade Urbana (SMU). A inspe\u00e7\u00e3o \u00e9 obrigat\u00f3ria para exercer a atividade e acontece at\u00e9 o dia 3 de fevereiro. Os motoristas devem consultar seu dia e hor\u00e1rio agendado previamente. Para isso, basta acessar o portal da <a href=\"http:\/\/www.pjf.mg.gov.br\/\"><strong>Prefeitura de Juiz de Fora<\/strong><\/a>, no menu Infotrans, clicar em\u00a0<a href=\"https:\/\/www.pjf.mg.gov.br\/secretarias\/smu\/servicos\/transporte_escolar\/index.php\"><strong>escolar<\/strong><\/a>\u00a0e, em seguida, no link do agendamento.<br \/>\nA vistoria dos ve\u00edculos ser\u00e1 realizada no p\u00e1tio do Terminal Rodovi\u00e1rio Miguel Mansur, no hor\u00e1rio entre 7h e 12h, de segunda a sexta. Est\u00e1 prevista a presen\u00e7a de 285 ve\u00edculos escolares, conforme cadastro da SMU. O envio da documenta\u00e7\u00e3o obrigat\u00f3ria do ve\u00edculo, motorista e monitor, acontece antecipadamente via\u00a0<a href=\"https:\/\/www.pjf.mg.gov.br\/agil\"><strong>Prefeitura \u00c1gil<\/strong><\/a>. Ap\u00f3s ser analisada e aprovada a documenta\u00e7\u00e3o pela Supervis\u00e3o de Transporte Privado Coletivo da SMU, o ve\u00edculo ser\u00e1 autorizado a fazer a vistoria.<\/p>\n","protected":false},"excerpt":{"rendered":"<p>Segundo informa\u00e7\u00f5es do site da Prefeitura de Juiz de Fora (PJF), a\u00a0vistoria do primeiro semestre dos ve\u00edculos que realizam o transporte escolar na cidade ser\u00e1 realizada a partir da pr\u00f3xima segunda-feira, 23, pela Secretaria de Mobilidade Urbana (SMU). A inspe\u00e7\u00e3o \u00e9 obrigat\u00f3ria para exercer a atividade e acontece at\u00e9 o dia 3 de fevereiro. Os [&hellip;]<\/p>\n","protected":false},"author":246,"featured_media":209314,"comment_status":"closed","ping_status":"closed","sticky":false,"template":"","format":"standard","meta":{"footnotes":""},"categories":[253,436,439],"tags":[],"class_list":["post-209313","post","type-post","status-publish","format-standard","has-post-thumbnail","hentry","category-cidade","category-destaque-da-semana","category-ultima-hora"],"_links":{"self":[{"href":"https:\/\/diarioregionaldigital.com.br\/index.php?rest_route=\/wp\/v2\/posts\/209313","targetHints":{"allow":["GET"]}}],"collection":[{"href":"https:\/\/diarioregionaldigital.com.br\/index.php?rest_route=\/wp\/v2\/posts"}],"about":[{"href":"https:\/\/diarioregionaldigital.com.br\/index.php?rest_route=\/wp\/v2\/types\/post"}],"author":[{"embeddable":true,"href":"https:\/\/diarioregionaldigital.com.br\/index.php?rest_route=\/wp\/v2\/users\/246"}],"replies":[{"embeddable":true,"href":"https:\/\/diarioregionaldigital.com.br\/index.php?rest_route=%2Fwp%2Fv2%2Fcomments&post=209313"}],"version-history":[{"count":1,"href":"https:\/\/diarioregionaldigital.com.br\/index.php?rest_route=\/wp\/v2\/posts\/209313\/revisions"}],"predecessor-version":[{"id":209315,"href":"https:\/\/diarioregionaldigital.com.br\/index.php?rest_route=\/wp\/v2\/posts\/209313\/revisions\/209315"}],"wp:featuredmedia":[{"embeddable":true,"href":"https:\/\/diarioregionaldigital.com.br\/index.php?rest_route=\/wp\/v2\/media\/209314"}],"wp:attachment":[{"href":"https:\/\/diarioregionaldigital.com.br\/index.php?rest_route=%2Fwp%2Fv2%2Fmedia&parent=209313"}],"wp:term":[{"taxonomy":"category","embeddable":true,"href":"https:\/\/diarioregionaldigital.com.br\/index.php?rest_route=%2Fwp%2Fv2%2Fcategories&post=209313"},{"taxonomy":"post_tag","embeddable":true,"href":"https:\/\/diarioregionaldigital.com.br\/index.php?rest_route=%2Fwp%2Fv2%2Ftags&post=209313"}],"curies":[{"name":"wp","href":"https:\/\/api.w.org\/{rel}","templated":true}]}}