{"id":209310,"date":"2023-01-19T20:52:35","date_gmt":"2023-01-19T23:52:35","guid":{"rendered":"https:\/\/diarioregionaldigital.com.br\/?p=209310"},"modified":"2023-01-19T20:52:35","modified_gmt":"2023-01-19T23:52:35","slug":"pjf-realiza-acoes-de-tapa-buraco-na-avenida-brasil-e-outras-importantes-vias-da-cidade","status":"publish","type":"post","link":"https:\/\/diarioregionaldigital.com.br\/?p=209310","title":{"rendered":"PJF realiza a\u00e7\u00f5es de tapa buraco na Avenida Brasil e outras importantes vias da cidade"},"content":{"rendered":"<p>Segundo informa\u00e7\u00f5es do site da Prefeitura de Juiz de Fora (PJF), nesta quarta- feira, 18, a Prefeitura de Juiz de Fora deu continuidade \u00e0s a\u00e7\u00f5es de tapa-buraco em importantes vias da cidade. As equipes da PJF estiveram em 29 vias de 16 bairros. Entre eles est\u00e3o Centro, Borboleta, Dom Bosco e Nossa Senhora de Lourdes.<br \/>\nAvenidas com intensa movimenta\u00e7\u00e3o foram beneficiadas com as a\u00e7\u00f5es. Al\u00e9m da Avenida Brasil, diversos pontos das Avenidas Juiz de Fora e JK receberam os trabalhos.<br \/>\nNo bairro S\u00e3o Mateus foram atendidas as ruas Dr. Romualdo e S\u00e3o Mateus, e no Po\u00e7o Rico as ruas Bahia, Paran\u00e1 e Ant\u00f4nio Dias Tostes.<br \/>\n<strong>Confira os demais bairros atendidos:<\/strong><br \/>\nCascatinha<\/p>\n<p>Santa Cruz<\/p>\n<p>Alto dos Passos<\/p>\n<p>Linhares<\/p>\n<p>S\u00e3o Benedito<\/p>\n<p>Bonsucesso<\/p>\n<p>Barbosa Lage<\/p>\n<p>Dias Tavares<\/p>\n<p>Encosta do Sol<\/p>\n<p>Industrial<br \/>\nForam realizadas ao todo 486 recomposi\u00e7\u00f5es no dia, somando mais de 103 toneladas de massa asf\u00e1ltica aplicada.<br \/>\nOs trabalhos seguem em andamento em v\u00e1rios pontos da cidade e a programa\u00e7\u00e3o completa das atividades realizadas pela Empav pode ser acompanhada diariamente atrav\u00e9s da p\u00e1gina do Gabinete de A\u00e7\u00e3o e Di\u00e1logo Comunit\u00e1rio, pelo\u00a0<a href=\"https:\/\/www.pjf.mg.gov.br\/gabinetecomunitario\/#onde\"><strong>link<\/strong><\/a>.<br \/>\nTodas as a\u00e7\u00f5es de reestrutura\u00e7\u00e3o, urbaniza\u00e7\u00e3o e zeladoria realizadas pela Empresa Municipal de Pavimenta\u00e7\u00e3o e Urbanidades (Empav) fazem parte do Programa Boniteza. Estes e outros servi\u00e7os podem ser solicitados atrav\u00e9s do Gabinete de A\u00e7\u00e3o e Di\u00e1logo Comunit\u00e1rio, que recebe e organiza pedidos relativos a interven\u00e7\u00f5es e melhorias urbanas. O contato pode ser feito por liga\u00e7\u00e3o telef\u00f4nica, pelo n\u00famero (32) 3690-7241 ou, ainda, via WhatsApp, utilizando o mesmo n\u00famero.<\/p>\n","protected":false},"excerpt":{"rendered":"<p>Segundo informa\u00e7\u00f5es do site da Prefeitura de Juiz de Fora (PJF), nesta quarta- feira, 18, a Prefeitura de Juiz de Fora deu continuidade \u00e0s a\u00e7\u00f5es de tapa-buraco em importantes vias da cidade. As equipes da PJF estiveram em 29 vias de 16 bairros. Entre eles est\u00e3o Centro, Borboleta, Dom Bosco e Nossa Senhora de Lourdes. [&hellip;]<\/p>\n","protected":false},"author":246,"featured_media":209311,"comment_status":"closed","ping_status":"closed","sticky":false,"template":"","format":"standard","meta":{"footnotes":""},"categories":[253,436,439],"tags":[],"class_list":["post-209310","post","type-post","status-publish","format-standard","has-post-thumbnail","hentry","category-cidade","category-destaque-da-semana","category-ultima-hora"],"_links":{"self":[{"href":"https:\/\/diarioregionaldigital.com.br\/index.php?rest_route=\/wp\/v2\/posts\/209310","targetHints":{"allow":["GET"]}}],"collection":[{"href":"https:\/\/diarioregionaldigital.com.br\/index.php?rest_route=\/wp\/v2\/posts"}],"about":[{"href":"https:\/\/diarioregionaldigital.com.br\/index.php?rest_route=\/wp\/v2\/types\/post"}],"author":[{"embeddable":true,"href":"https:\/\/diarioregionaldigital.com.br\/index.php?rest_route=\/wp\/v2\/users\/246"}],"replies":[{"embeddable":true,"href":"https:\/\/diarioregionaldigital.com.br\/index.php?rest_route=%2Fwp%2Fv2%2Fcomments&post=209310"}],"version-history":[{"count":1,"href":"https:\/\/diarioregionaldigital.com.br\/index.php?rest_route=\/wp\/v2\/posts\/209310\/revisions"}],"predecessor-version":[{"id":209312,"href":"https:\/\/diarioregionaldigital.com.br\/index.php?rest_route=\/wp\/v2\/posts\/209310\/revisions\/209312"}],"wp:featuredmedia":[{"embeddable":true,"href":"https:\/\/diarioregionaldigital.com.br\/index.php?rest_route=\/wp\/v2\/media\/209311"}],"wp:attachment":[{"href":"https:\/\/diarioregionaldigital.com.br\/index.php?rest_route=%2Fwp%2Fv2%2Fmedia&parent=209310"}],"wp:term":[{"taxonomy":"category","embeddable":true,"href":"https:\/\/diarioregionaldigital.com.br\/index.php?rest_route=%2Fwp%2Fv2%2Fcategories&post=209310"},{"taxonomy":"post_tag","embeddable":true,"href":"https:\/\/diarioregionaldigital.com.br\/index.php?rest_route=%2Fwp%2Fv2%2Ftags&post=209310"}],"curies":[{"name":"wp","href":"https:\/\/api.w.org\/{rel}","templated":true}]}}