{"id":209304,"date":"2023-01-19T20:41:06","date_gmt":"2023-01-19T23:41:06","guid":{"rendered":"https:\/\/diarioregionaldigital.com.br\/?p=209304"},"modified":"2023-01-19T20:41:06","modified_gmt":"2023-01-19T23:41:06","slug":"embalado-com-titulo-em-durban-calderano-estreia-bem-no-wtt-de-doha","status":"publish","type":"post","link":"https:\/\/diarioregionaldigital.com.br\/?p=209304","title":{"rendered":"Embalado com t\u00edtulo em Durban, Calderano estreia bem no WTT de Doha"},"content":{"rendered":"<div class=\"post-item-wrap\">\n<p>Rec\u00e9m-campe\u00e3o em Durban (\u00c1frica do Sul) no \u00faltimo domingo (15) , o mesa-tenista carioca Hugo Calderano\u00a0come\u00e7ou bem no segundo torneio do circuito mundial, o WTT Contender de Doha (Catar). Nesta quarta-feira (18) o n\u00famero seis do mundo bateu o porto-riquenho Angel Naranjo (191\u00ba no ranking) por 3 sets a 0 (parciais de 11\/4, 11\/4 e 11\/6) e avan\u00e7ou \u00e0s oitavas de final.<img decoding=\"async\" src=\"https:\/\/agenciabrasil.ebc.com.br\/ebc.png?id=1505010&amp;o=node\" \/><img decoding=\"async\" src=\"https:\/\/agenciabrasil.ebc.com.br\/ebc.gif?id=1505010&amp;o=node\" \/><\/p>\n<p>Calderano volta a competir \u00e0s 9h45 (hor\u00e1rio de Bras\u00edlia) desta quinta (19). O advers\u00e1rio nas oitavas ser\u00e1 o austr\u00edaco Robert Gardos (44\u00ba).<\/p>\n<p>O brasileiro de 25 anos concorre ao pr\u00eamio\u00a0<a href=\"https:\/\/agenciabrasil.ebc.com.br\/esportes\/noticia\/2023-01\/cob-abre-votacao-para-atleta-da-torcida-do-premio-brasil-olimpico-2022\">Atleta da Torcida<\/a>\u00a0do Pr\u00eamio Brasil Ol\u00edmpico. A\u00a0<a href=\"https:\/\/pbo.cob.org.br\/\">vota\u00e7\u00e3o online<\/a>\u00a0ocorre at\u00e9 2 de fevereiro.<\/p>\n<h2>Outros resultados<\/h2>\n<p>A paulista Bruna Takahashi, n\u00famero 27 do mundo, se despediu da disputa de simples em Doha ap\u00f3s ser superada na estreia pela chinesa Liu Weishan por 3 sets a 0.<\/p>\n<p>Depois nas duplas mistas, ao lado do compatriota Vitor Ishiy, a paulista perdeu nas duplas mistas para os austr\u00edacos Sofia Polcanova e Robert Gardos \u00a0por 3 sets a 1.\u00a0 Antes, Vitor Ishiy, que se classificara para a competi\u00e7\u00e3o individual no qualificat\u00f3rio, acabou derrotado na primeira rodada pelo chin\u00eas Yuan Licen, por 3 sets a 2.<\/p>\n<\/div>\n<p class=\"alt-font font-italic my-2 small text-info\"><span style=\"font-weight: 400;\"><br \/>\n<\/span><span style=\"font-weight: 400;\">Fonte: Ag\u00eancia Brasil\u00a0<\/span><span style=\"font-weight: 400;\"><br \/>\n<\/span><\/p>\n","protected":false},"excerpt":{"rendered":"<p>Rec\u00e9m-campe\u00e3o em Durban (\u00c1frica do Sul) no \u00faltimo domingo (15) , o mesa-tenista carioca Hugo Calderano\u00a0come\u00e7ou bem no segundo torneio do circuito mundial, o WTT Contender de Doha (Catar). Nesta quarta-feira (18) o n\u00famero seis do mundo bateu o porto-riquenho Angel Naranjo (191\u00ba no ranking) por 3 sets a 0 (parciais de 11\/4, 11\/4 e [&hellip;]<\/p>\n","protected":false},"author":246,"featured_media":209305,"comment_status":"closed","ping_status":"closed","sticky":false,"template":"","format":"standard","meta":{"footnotes":""},"categories":[436,257,439],"tags":[],"class_list":["post-209304","post","type-post","status-publish","format-standard","has-post-thumbnail","hentry","category-destaque-da-semana","category-esporte","category-ultima-hora"],"_links":{"self":[{"href":"https:\/\/diarioregionaldigital.com.br\/index.php?rest_route=\/wp\/v2\/posts\/209304","targetHints":{"allow":["GET"]}}],"collection":[{"href":"https:\/\/diarioregionaldigital.com.br\/index.php?rest_route=\/wp\/v2\/posts"}],"about":[{"href":"https:\/\/diarioregionaldigital.com.br\/index.php?rest_route=\/wp\/v2\/types\/post"}],"author":[{"embeddable":true,"href":"https:\/\/diarioregionaldigital.com.br\/index.php?rest_route=\/wp\/v2\/users\/246"}],"replies":[{"embeddable":true,"href":"https:\/\/diarioregionaldigital.com.br\/index.php?rest_route=%2Fwp%2Fv2%2Fcomments&post=209304"}],"version-history":[{"count":1,"href":"https:\/\/diarioregionaldigital.com.br\/index.php?rest_route=\/wp\/v2\/posts\/209304\/revisions"}],"predecessor-version":[{"id":209306,"href":"https:\/\/diarioregionaldigital.com.br\/index.php?rest_route=\/wp\/v2\/posts\/209304\/revisions\/209306"}],"wp:featuredmedia":[{"embeddable":true,"href":"https:\/\/diarioregionaldigital.com.br\/index.php?rest_route=\/wp\/v2\/media\/209305"}],"wp:attachment":[{"href":"https:\/\/diarioregionaldigital.com.br\/index.php?rest_route=%2Fwp%2Fv2%2Fmedia&parent=209304"}],"wp:term":[{"taxonomy":"category","embeddable":true,"href":"https:\/\/diarioregionaldigital.com.br\/index.php?rest_route=%2Fwp%2Fv2%2Fcategories&post=209304"},{"taxonomy":"post_tag","embeddable":true,"href":"https:\/\/diarioregionaldigital.com.br\/index.php?rest_route=%2Fwp%2Fv2%2Ftags&post=209304"}],"curies":[{"name":"wp","href":"https:\/\/api.w.org\/{rel}","templated":true}]}}