{"id":209301,"date":"2023-01-19T20:39:17","date_gmt":"2023-01-19T23:39:17","guid":{"rendered":"https:\/\/diarioregionaldigital.com.br\/?p=209301"},"modified":"2023-01-19T20:39:17","modified_gmt":"2023-01-19T23:39:17","slug":"podio-historico-no-dakar-foi-acima-do-esperado-diz-lucas-moraes","status":"publish","type":"post","link":"https:\/\/diarioregionaldigital.com.br\/?p=209301","title":{"rendered":"P\u00f3dio hist\u00f3rico no Dakar foi acima do esperado, diz Lucas Moraes"},"content":{"rendered":"<p>Aos 32 anos, Lucas Moraes ainda \u00e9 bem jovem se comparado aos pilotos com os quais dividiu o p\u00f3dio do rali Dakar na categoria de\u00a0carros. O catari Nasser Al-Attiyah (agora pentacampe\u00e3o) tem 52 anos. O franc\u00eas S\u00e9bastien Loeb, segundo colocado e dono de nove t\u00edtulos mundiais de rali, tem 48. At\u00e9 onde pode chegar o primeiro brasileiro\u00a0no top 3\u00a0da principal categoria da prova mais desafiadora da modalidade?<img decoding=\"async\" src=\"https:\/\/agenciabrasil.ebc.com.br\/ebc.png?id=1505183&amp;o=node\" \/><img decoding=\"async\" src=\"https:\/\/agenciabrasil.ebc.com.br\/ebc.gif?id=1505183&amp;o=node\" \/><\/p>\n<blockquote><p>&#8220;Acho que a minha idade ajuda a muito a aprender. Conseguimos utilizar a estrat\u00e9gia a nosso favor, aprender bastante na primeira semana e buscar um resultado relevante na\u00a0segunda. Espero\u00a0ter\u00a0mais uns 20 anos de Dakar [risos]&#8221;, afirmou o paulista, em entrevista \u00e0\u00a0<strong>Ag\u00eancia Brasil<\/strong>\u00a0nesta\u00a0quinta-feira (19), em S\u00e3o Paulo.<\/p><\/blockquote>\n<div class=\"dnd-widget-wrapper context-cheio_8colunas type-image\">\n<div class=\"dnd-atom-rendered\">\n<div class=\"shadow overflow-hidden rounded-lg d-block zoom-on-hover-sm shadow-hover w-100\"><img decoding=\"async\" class=\"flex-fill img-cover\" title=\"Magnus Torquato\/Fotop\/Direitos Reservados\" src=\"https:\/\/imagens.ebc.com.br\/fRCigXBSuGE_4fiyJtAE1M9Lzlc=\/754x0\/smart\/https:\/\/agenciabrasil.ebc.com.br\/sites\/default\/files\/thumbnails\/image\/lucas_moraes_carro_rali_dakar.jpeg?itok=4SC9bt4-\" alt=\"Lucas Moraes - carro - rali Dakar 2023 - terceiro lugar\" \/><\/div>\n<\/div>\n<div class=\"dnd-caption-wrapper\">\n<div class=\"meta\">Caro pilotado pelo paulista Lucas Moraes, ao lado do navegador alem\u00e3o Timo Gottschalk, percorre o\u00a0deserto da Ar\u00e1bia Saudita, um dos trechos do percurso de 8,5 mil quil\u00f4metros do rali Dakar\u00a0\u00a0&#8211;\u00a0<strong>Magnus Torquato\/Fotop\/Direitos Reservados<\/strong><\/div>\n<\/div>\n<\/div>\n<p>Antes do terceiro lugar de Lucas, o melhor desempenho de um brasileiro na categoria\u00a0era o de\u00a0Klever Kolberg, em 2002. Ao lado do navegador franc\u00eas Pascal Larroque, o ga\u00facho terminou a prova na oitava posi\u00e7\u00e3o.<\/p>\n<blockquote><p>&#8220;Ainda est\u00e1 caindo [a ficha]. Foi uma honra representar o Brasil no Dakar, conseguir um resultado in\u00e9dito. Sabia que tinha uma condi\u00e7\u00e3o boa, apesar de ser\u00a0a\u00a0estreia, mas [o resultado] foi acima do esperado&#8221;, reconheceu o piloto.<\/p><\/blockquote>\n<p>O resultado de Lucas no deserto da Ar\u00e1bia Saudita surpreende n\u00e3o apenas pela idade, mas por\u00a0ter\u00a0sido a estreia dele no Dakar. O desempenho superou, por exemplo, o dos pr\u00f3prios Al-Attiyah e Loeb na primeira vez que ambos disputaram a prova. Em 2004, o catari terminou na d\u00e9cima posi\u00e7\u00e3o, enquanto o franc\u00eas ficou em nono em 2016.<\/p>\n<p>Um dos trunfos do brasileiro para\u00a0enfrentar os mais de 8,5 mil quil\u00f4metros de percurso foi a parceria com o experiente navegador Timo Gottschalk. O alem\u00e3o, de 48 anos, foi campe\u00e3o do Dakar ao lado de Al-Attiyah em 2011, ano do primeiro t\u00edtulo do piloto\u00a0catari.<\/p>\n<blockquote><p>&#8220;Correr com o Timo foi muito importante porque, em momentos decisivos, a experi\u00eancia dele fez a diferen\u00e7a, especialmente no segundo dia. Tinha muita pedra, os ponteiros furaram muitos pneus. Ele disse para ir tranquilo, salvar as rodas. Dito e feito: muitos ponteiros perderam mais de hora esperando apoio porque acabaram os estepes&#8221;, recordou Lucas.<\/p><\/blockquote>\n<div class=\"dnd-widget-wrapper context-cheio_8colunas type-image\">\n<div class=\"dnd-atom-rendered\">\n<div class=\"shadow overflow-hidden rounded-lg d-block zoom-on-hover-sm shadow-hover w-100\"><img decoding=\"async\" class=\"flex-fill img-cover\" title=\"Divulga\u00e7\u00e3o\/Red Bull\" src=\"https:\/\/imagens.ebc.com.br\/rzUysWG2LyO0IVBR75vTNybu0-k=\/754x0\/smart\/https:\/\/agenciabrasil.ebc.com.br\/sites\/default\/files\/thumbnails\/image\/lucas_moraes_e_navegador_timo_rali_dakar_2023.jpeg?itok=hXpg-_j1\" alt=\"Timo Gottschalk (navegador) e Lucas Moraes (piloto) ficaram em terceiro lugar no rali Dakar 2023 na categoria de carros \" \/><\/div>\n<\/div>\n<div class=\"dnd-caption-wrapper\">\n<div class=\"meta\">O navegador alem\u00e3o Timo Gottschalk (esquerda) e o brasileiro Lucas Moraes (piloto) comemoram a terceira posi\u00e7\u00e3o na categoria carros\u00a0do rali Dakar deste ano &#8211;\u00a0<strong>Divulga\u00e7\u00e3o\/Red Bull<\/strong><\/div>\n<\/div>\n<\/div>\n<blockquote><p>&#8220;Achei que ali [segundo dia] o rali estaria acabado. Furamos um pneu com 15 quil\u00f4metros e t\u00ednhamos um estepe para os outros 415 [quil\u00f4metros]. Aprendia alguma coisa todos os dias. No deserto, qualquer vacilo te pega e joga a sua prova fora\u201d, completou.<\/p><\/blockquote>\n<p>A participa\u00e7\u00e3o do paulista come\u00e7ou com um 12\u00ba lugar no primeiro dos 14 est\u00e1gios do Dakar. A regularidade fez com que Lucas\u00a0ganhasse a terceira posi\u00e7\u00e3o no sexto dia, para n\u00e3o sair mais do p\u00f3dio. Ele chegou a assumir a vice-lideran\u00e7a na\u00a0segunda\u00a0metade da prova, mas foi ultrapassado por Loeb, ap\u00f3s o franc\u00eas ganhar seis das sete \u00faltimas etapas.<\/p>\n<blockquote><p>&#8220;Nosso primeiro objetivo era terminar a prova, ganhar experi\u00eancia, para buscarmos resultado a partir de 2024, mas fomos ganhando velocidade, entendendo o ritmo dos ponteiros. Terminar no top 15 seria um b\u00f4nus incr\u00edvel. A partir do d\u00e9cimo dia, sentimos que dava para trazer o p\u00f3dio&#8221;, disse.<\/p><\/blockquote>\n<p>A temporada de Lucas ainda est\u00e1 come\u00e7ando. Neste ano, ele pretende disputar etapas do Mundial da modalidade e buscar o tricampeonato do Rali dos Sert\u00f5es, em agosto, ao lado do navegador Kaique Bentivoglio, com quem correu nas conquistas de 2019 e 2022.<\/p>\n<blockquote><p>&#8220;A ideia \u00e9 que o Kaique continue fazendo um trabalho de evolu\u00e7\u00e3o, at\u00e9 para ele aprender a navega\u00e7\u00e3o no deserto. Quem sabe, a gente possa estar junto [no Dakar] em 2024&#8221;, concluiu o piloto.<\/p><\/blockquote>\n<div class=\"dnd-widget-wrapper context-cheio_8colunas type-image\">\n<div class=\"dnd-atom-rendered\">\n<div class=\"shadow overflow-hidden rounded-lg d-block zoom-on-hover-sm shadow-hover w-100\"><img decoding=\"async\" class=\"flex-fill img-cover\" title=\"Divulga\u00e7\u00e3o\/Red Bull\" src=\"https:\/\/imagens.ebc.com.br\/wDzskG_GU3bLzVJvRO8yCvueDWM=\/754x0\/smart\/https:\/\/agenciabrasil.ebc.com.br\/sites\/default\/files\/thumbnails\/image\/lucas_moraes_3_lugar_e_nasser_al-attiyah_vencedor_do_rali_dakar.jpeg?itok=ebSA-vWy\" alt=\" Vencedor do rali Dakar Nasser Al-Attiyah posa ao lado de Lucas Moraes (terceiro colocado) - 2023 \" \/><\/div>\n<\/div>\n<div class=\"dnd-caption-wrapper\">\n<div class=\"meta\">O piloto catari\u00a0Nasser Al-Attiyah (\u00e0 esquerda), que faturou este ano o pentacampeonato no\u00a0rali Dakar,\u00a0festeja o triunfo com o paulista\u00a0Lucas Moraes, terceiro colocado\u00a0&#8211;\u00a0<strong>Divulga\u00e7\u00e3o\/Red Bull<\/strong><\/div>\n<\/div>\n<\/div>\n<h2>Desempenho brasileiro<\/h2>\n<p>Al\u00e9m de Lucas, outros dez\u00a0brasileiros competiram na edi\u00e7\u00e3o deste ano do Dakar, a 45\u00aa da hist\u00f3ria. O principal resultado foi o do navegador Gustavo Gugelmin, campe\u00e3o na disputa de prot\u00f3tipos leves, ao lado do piloto norte-americano Austin Jones. Na mesma categoria, P\u00e2mela Bozzano e\u00a0Cadu\u00a0Sachs ficaram em 32\u00ba, dois postos \u00e0 frente de \u00canio Bozzano (marido de P\u00e2mela) e Luciano Gomes.<\/p>\n<p>Foi a terceira vez que Gustavo venceu o Dakar. As duas conquistas anteriores foram na categoria UTVs (Utility Task Vehicles\u00a0ou ve\u00edculos utilit\u00e1rios multitarefa, na tradu\u00e7\u00e3o do ingl\u00eas). Em 2018, ele ganhou ao lado do tamb\u00e9m brasileiro Reinaldo Varela. No ano passado, teve Jones como parceiro.<\/p>\n<p>Entre os UTVs, Bruno Conti foi o melhor brasileiro, chegando em sexto, em parceria com o portugu\u00eas Bianchi Prata. Rodrigo Luppi e Maykel Justo ficaram em 29\u00ba lugar, enquanto Cristiano Batista e o navegador espanhol Fausto Mora terminaram na 32\u00aa posi\u00e7\u00e3o. Na categoria quadriciclos, Marcelo Medeiros foi o nono colocado.<\/p>\n<p><span style=\"font-weight: 400;\">Fonte: Ag\u00eancia Brasil <\/span><\/p>\n","protected":false},"excerpt":{"rendered":"<p>Aos 32 anos, Lucas Moraes ainda \u00e9 bem jovem se comparado aos pilotos com os quais dividiu o p\u00f3dio do rali Dakar na categoria de\u00a0carros. O catari Nasser Al-Attiyah (agora pentacampe\u00e3o) tem 52 anos. O franc\u00eas S\u00e9bastien Loeb, segundo colocado e dono de nove t\u00edtulos mundiais de rali, tem 48. At\u00e9 onde pode chegar o [&hellip;]<\/p>\n","protected":false},"author":246,"featured_media":209302,"comment_status":"closed","ping_status":"closed","sticky":false,"template":"","format":"standard","meta":{"footnotes":""},"categories":[436,440,257,439],"tags":[],"class_list":["post-209301","post","type-post","status-publish","format-standard","has-post-thumbnail","hentry","category-destaque-da-semana","category-destaques-do-dia","category-esporte","category-ultima-hora"],"_links":{"self":[{"href":"https:\/\/diarioregionaldigital.com.br\/index.php?rest_route=\/wp\/v2\/posts\/209301","targetHints":{"allow":["GET"]}}],"collection":[{"href":"https:\/\/diarioregionaldigital.com.br\/index.php?rest_route=\/wp\/v2\/posts"}],"about":[{"href":"https:\/\/diarioregionaldigital.com.br\/index.php?rest_route=\/wp\/v2\/types\/post"}],"author":[{"embeddable":true,"href":"https:\/\/diarioregionaldigital.com.br\/index.php?rest_route=\/wp\/v2\/users\/246"}],"replies":[{"embeddable":true,"href":"https:\/\/diarioregionaldigital.com.br\/index.php?rest_route=%2Fwp%2Fv2%2Fcomments&post=209301"}],"version-history":[{"count":1,"href":"https:\/\/diarioregionaldigital.com.br\/index.php?rest_route=\/wp\/v2\/posts\/209301\/revisions"}],"predecessor-version":[{"id":209303,"href":"https:\/\/diarioregionaldigital.com.br\/index.php?rest_route=\/wp\/v2\/posts\/209301\/revisions\/209303"}],"wp:featuredmedia":[{"embeddable":true,"href":"https:\/\/diarioregionaldigital.com.br\/index.php?rest_route=\/wp\/v2\/media\/209302"}],"wp:attachment":[{"href":"https:\/\/diarioregionaldigital.com.br\/index.php?rest_route=%2Fwp%2Fv2%2Fmedia&parent=209301"}],"wp:term":[{"taxonomy":"category","embeddable":true,"href":"https:\/\/diarioregionaldigital.com.br\/index.php?rest_route=%2Fwp%2Fv2%2Fcategories&post=209301"},{"taxonomy":"post_tag","embeddable":true,"href":"https:\/\/diarioregionaldigital.com.br\/index.php?rest_route=%2Fwp%2Fv2%2Ftags&post=209301"}],"curies":[{"name":"wp","href":"https:\/\/api.w.org\/{rel}","templated":true}]}}