{"id":209296,"date":"2023-01-19T20:36:20","date_gmt":"2023-01-19T23:36:20","guid":{"rendered":"https:\/\/diarioregionaldigital.com.br\/?p=209296"},"modified":"2023-01-19T20:36:20","modified_gmt":"2023-01-19T23:36:20","slug":"governo-muda-superintendentes-da-policia-federal-nos-estados","status":"publish","type":"post","link":"https:\/\/diarioregionaldigital.com.br\/?p=209296","title":{"rendered":"Governo muda superintendentes da Pol\u00edcia Federal nos estados"},"content":{"rendered":"<p>O governo federal nomeou novo comando para as superintend\u00eancias da Pol\u00edcia Federal (PF) nos estados. As nomea\u00e7\u00f5es foram publicadas nessa quarta-feira (18) em\u00a0<a href=\"https:\/\/www.in.gov.br\/web\/dou\/-\/portarias-de-18-de-janeiro-de-2023-458729429\" target=\"_blank\" rel=\"noopener\">edi\u00e7\u00e3o extra do\u00a0<em>Di\u00e1rio Oficial da Uni\u00e3o<\/em><\/a>, que tamb\u00e9m autorizou trocas na dire\u00e7\u00e3o da Pol\u00edcia Rodovi\u00e1ria Federal (PRF) nas unidades da federa\u00e7\u00e3o.<img decoding=\"async\" src=\"https:\/\/agenciabrasil.ebc.com.br\/ebc.png?id=1505188&amp;o=node\" \/><img decoding=\"async\" src=\"https:\/\/agenciabrasil.ebc.com.br\/ebc.gif?id=1505188&amp;o=node\" \/><\/p>\n<p>Entre os nomeados, est\u00e1 o delegado Leandro Almada da Costa para chefiar a Superintend\u00eancia da PF no Rio de Janeiro. Ele participou das investiga\u00e7\u00f5es sobre o assassinato de vereadora Marielle Franco.<\/p>\n<p>A delegada Chistiane Correa Machado assumir\u00e1 a Superintend\u00eancia da PF na Para\u00edba. Ela foi respons\u00e1vel pela investiga\u00e7\u00e3o sobre a suposta interfer\u00eancia do ex-presidente Jair Bolsonaro na corpora\u00e7\u00e3o.<\/p>\n<h2>Novo diretor-geral<\/h2>\n<p>Na semana passada, Andrei Passos\u00a0<a href=\"https:\/\/agenciabrasil.ebc.com.br\/geral\/noticia\/2023-01\/novo-diretor-geral-da-pf-diz-que-nao-permitira-interferencias\" target=\"_blank\" rel=\"noopener\">assumiu a Diretoria-Geral da PF<\/a>\u00a0e disse que n\u00e3o aceitar\u00e1 qualquer tipo de interfer\u00eancia nas investiga\u00e7\u00f5es. \u201cNossa atua\u00e7\u00e3o ser\u00e1 sempre pautada pelo estrito cumprimento da lei e pelos princ\u00edpios do Estado Democr\u00e1tico de Direito. Esse ser\u00e1 um norte inafast\u00e1vel na gest\u00e3o das investiga\u00e7\u00f5es policiais, que ser\u00e3o coordenadas com base no trin\u00f4mio qualidade da prova, autonomia investigativa e responsabilidade, e com absoluto rigor em rela\u00e7\u00e3o a eventuais desvios ou personalismos\u201d, disse Rodrigues durante a cerim\u00f4nia em que assumiu o cargo.<\/p>\n<p><span style=\"font-weight: 400;\"><br \/>\n<\/span><span style=\"font-weight: 400;\">Fonte: Ag\u00eancia Brasil <\/span><\/p>\n","protected":false},"excerpt":{"rendered":"<p>O governo federal nomeou novo comando para as superintend\u00eancias da Pol\u00edcia Federal (PF) nos estados. As nomea\u00e7\u00f5es foram publicadas nessa quarta-feira (18) em\u00a0edi\u00e7\u00e3o extra do\u00a0Di\u00e1rio Oficial da Uni\u00e3o, que tamb\u00e9m autorizou trocas na dire\u00e7\u00e3o da Pol\u00edcia Rodovi\u00e1ria Federal (PRF) nas unidades da federa\u00e7\u00e3o. Entre os nomeados, est\u00e1 o delegado Leandro Almada da Costa para chefiar [&hellip;]<\/p>\n","protected":false},"author":246,"featured_media":209297,"comment_status":"closed","ping_status":"closed","sticky":false,"template":"","format":"standard","meta":{"footnotes":""},"categories":[436,254,439],"tags":[],"class_list":["post-209296","post","type-post","status-publish","format-standard","has-post-thumbnail","hentry","category-destaque-da-semana","category-politica","category-ultima-hora"],"_links":{"self":[{"href":"https:\/\/diarioregionaldigital.com.br\/index.php?rest_route=\/wp\/v2\/posts\/209296","targetHints":{"allow":["GET"]}}],"collection":[{"href":"https:\/\/diarioregionaldigital.com.br\/index.php?rest_route=\/wp\/v2\/posts"}],"about":[{"href":"https:\/\/diarioregionaldigital.com.br\/index.php?rest_route=\/wp\/v2\/types\/post"}],"author":[{"embeddable":true,"href":"https:\/\/diarioregionaldigital.com.br\/index.php?rest_route=\/wp\/v2\/users\/246"}],"replies":[{"embeddable":true,"href":"https:\/\/diarioregionaldigital.com.br\/index.php?rest_route=%2Fwp%2Fv2%2Fcomments&post=209296"}],"version-history":[{"count":1,"href":"https:\/\/diarioregionaldigital.com.br\/index.php?rest_route=\/wp\/v2\/posts\/209296\/revisions"}],"predecessor-version":[{"id":209298,"href":"https:\/\/diarioregionaldigital.com.br\/index.php?rest_route=\/wp\/v2\/posts\/209296\/revisions\/209298"}],"wp:featuredmedia":[{"embeddable":true,"href":"https:\/\/diarioregionaldigital.com.br\/index.php?rest_route=\/wp\/v2\/media\/209297"}],"wp:attachment":[{"href":"https:\/\/diarioregionaldigital.com.br\/index.php?rest_route=%2Fwp%2Fv2%2Fmedia&parent=209296"}],"wp:term":[{"taxonomy":"category","embeddable":true,"href":"https:\/\/diarioregionaldigital.com.br\/index.php?rest_route=%2Fwp%2Fv2%2Fcategories&post=209296"},{"taxonomy":"post_tag","embeddable":true,"href":"https:\/\/diarioregionaldigital.com.br\/index.php?rest_route=%2Fwp%2Fv2%2Ftags&post=209296"}],"curies":[{"name":"wp","href":"https:\/\/api.w.org\/{rel}","templated":true}]}}