{"id":209293,"date":"2023-01-19T20:33:28","date_gmt":"2023-01-19T23:33:28","guid":{"rendered":"https:\/\/diarioregionaldigital.com.br\/?p=209293"},"modified":"2023-01-19T20:33:28","modified_gmt":"2023-01-19T23:33:28","slug":"defesa-de-bolsonaro-diz-que-minuta-da-casa-de-torres-nao-e-valida","status":"publish","type":"post","link":"https:\/\/diarioregionaldigital.com.br\/?p=209293","title":{"rendered":"Defesa de Bolsonaro diz que minuta da casa de Torres n\u00e3o \u00e9 v\u00e1lida"},"content":{"rendered":"<p>A defesa do ex-presidente Jair Bolsonaro pediu\u00a0hoje\u00a0(19) ao Tribunal Superior Eleitoral (TSE) que reconsidere a\u00a0inclus\u00e3o da minuta apreendida na casa do ex-ministro da Justi\u00e7a Anderson Torres em a\u00e7\u00e3o de investiga\u00e7\u00e3o eleitoral. Para os advogados, o documento \u00e9 ap\u00f3crifo, ou seja, de autoria desconhecida, e n\u00e3o pode ser usado como prova nos autos.\u00a0<img decoding=\"async\" src=\"https:\/\/agenciabrasil.ebc.com.br\/ebc.png?id=1505220&amp;o=node\" \/><img decoding=\"async\" src=\"https:\/\/agenciabrasil.ebc.com.br\/ebc.gif?id=1505220&amp;o=node\" \/><\/p>\n<p>Na\u00a0segunda-feira (16), o ministro Benedito Gon\u00e7alves atendeu pedido do PDT e autorizou a\u00a0<a href=\"https:\/\/agenciabrasil.ebc.com.br\/justica\/noticia\/2023-01\/ministro-do-tse-da-3-dias-para-bolsonaro-explicar-minuta-de-decreto\" target=\"_blank\" rel=\"noopener\">inclus\u00e3o do documento no processo<\/a>, que envolve a chapa Bolsonaro-Braga Neto. Al\u00e9m disso, o ministro deu prazo de tr\u00eas dias para Bolsonaro se manifestar.<\/p>\n<p>O advogado Tarc\u00edsio Vieira de Carvalho afirma que o documento foi encontrado na casa de terceiros e n\u00e3o tem rela\u00e7\u00e3o com o processo.<\/p>\n<p>\u201c\u00c9 necess\u00e1rio consignar que o documento ap\u00f3crifo, juntado aos autos, n\u00e3o foi encontrado em posse dos Investigados, nem assinado por eles, e a pe\u00e7a\u00a0juntada tampouco indica quaisquer atos concretos ou ao menos indici\u00e1rios de que tenham participado de sua reda\u00e7\u00e3o ou agido para que as provid\u00eancias supostamente pretendidas pelo documento fossem materializadas no plano da realidade fenom\u00eanica\u201d, afirmou.<\/p>\n<p>O defensor\u00a0declarou ainda que a minuta n\u00e3o seria publicada.\u00a0\u201cO documento encontrado, identificado como `Decreto n\u00ba de dez 2022` at\u00e9 o atual momento, em\u00a019 de janeiro\u00a0de 2023, jamais foi publicado \u2013 e nem o seria, j\u00e1 que o mandato do primeiro Investigado como presidente da Rep\u00fablica findou-se em\u00a031 de dezembro\u00a0de 2022. Al\u00e9m do mais, n\u00e3o h\u00e1 qualquer evid\u00eancia ou not\u00edcia de que dele se tenha dado conhecimento a qualquer autoridade ou cidad\u00e3o\u201d, concluiu.<\/p>\n<p>O pedido de inclus\u00e3o foi feito pelo PDT no processo aberto na Corte no ano passado para apurar a legalidade do encontro de Bolsonaro com embaixadores para questionar a lisura da vota\u00e7\u00e3o eletr\u00f4nica.<\/p>\n<h2>Decreto<\/h2>\n<p>A minuta de um decreto de estado de defesa para ser cumprido no Tribunal Superior Eleitoral foi encontrada pela Pol\u00edcia Federal ap\u00f3s busca a apreens\u00e3o realizada na casa de Anderson Torres em Bras\u00edlia. O ex-ministro e ex-secret\u00e1rio de Seguran\u00e7a P\u00fablica do DF\u00a0<a href=\"https:\/\/agenciabrasil.ebc.com.br\/politica\/noticia\/2023-01\/anderson-torres-e-preso-pela-pf-apos-desembarcar-em-brasilia\" target=\"_blank\" rel=\"noopener\">est\u00e1 preso<\/a>, suspeito de omiss\u00e3o no dia dos atos golpistas de 8 de janeiro, que terminaram com as sedes dos Tr\u00eas Poderes depredadas.<\/p>\n<p>Ao comentar o caso nas redes sociais, antes de se entregar \u00e0 PF, Torres disse que o documento foi vazado fora do contexto\u201d.<\/p>\n<p><span style=\"font-weight: 400;\"><br \/>\n<\/span><span style=\"font-weight: 400;\">Fonte: Ag\u00eancia Brasil <\/span><\/p>\n","protected":false},"excerpt":{"rendered":"<p>A defesa do ex-presidente Jair Bolsonaro pediu\u00a0hoje\u00a0(19) ao Tribunal Superior Eleitoral (TSE) que reconsidere a\u00a0inclus\u00e3o da minuta apreendida na casa do ex-ministro da Justi\u00e7a Anderson Torres em a\u00e7\u00e3o de investiga\u00e7\u00e3o eleitoral. Para os advogados, o documento \u00e9 ap\u00f3crifo, ou seja, de autoria desconhecida, e n\u00e3o pode ser usado como prova nos autos.\u00a0 Na\u00a0segunda-feira (16), o [&hellip;]<\/p>\n","protected":false},"author":246,"featured_media":209294,"comment_status":"closed","ping_status":"closed","sticky":false,"template":"","format":"standard","meta":{"footnotes":""},"categories":[436,254,439],"tags":[],"class_list":["post-209293","post","type-post","status-publish","format-standard","has-post-thumbnail","hentry","category-destaque-da-semana","category-politica","category-ultima-hora"],"_links":{"self":[{"href":"https:\/\/diarioregionaldigital.com.br\/index.php?rest_route=\/wp\/v2\/posts\/209293","targetHints":{"allow":["GET"]}}],"collection":[{"href":"https:\/\/diarioregionaldigital.com.br\/index.php?rest_route=\/wp\/v2\/posts"}],"about":[{"href":"https:\/\/diarioregionaldigital.com.br\/index.php?rest_route=\/wp\/v2\/types\/post"}],"author":[{"embeddable":true,"href":"https:\/\/diarioregionaldigital.com.br\/index.php?rest_route=\/wp\/v2\/users\/246"}],"replies":[{"embeddable":true,"href":"https:\/\/diarioregionaldigital.com.br\/index.php?rest_route=%2Fwp%2Fv2%2Fcomments&post=209293"}],"version-history":[{"count":1,"href":"https:\/\/diarioregionaldigital.com.br\/index.php?rest_route=\/wp\/v2\/posts\/209293\/revisions"}],"predecessor-version":[{"id":209295,"href":"https:\/\/diarioregionaldigital.com.br\/index.php?rest_route=\/wp\/v2\/posts\/209293\/revisions\/209295"}],"wp:featuredmedia":[{"embeddable":true,"href":"https:\/\/diarioregionaldigital.com.br\/index.php?rest_route=\/wp\/v2\/media\/209294"}],"wp:attachment":[{"href":"https:\/\/diarioregionaldigital.com.br\/index.php?rest_route=%2Fwp%2Fv2%2Fmedia&parent=209293"}],"wp:term":[{"taxonomy":"category","embeddable":true,"href":"https:\/\/diarioregionaldigital.com.br\/index.php?rest_route=%2Fwp%2Fv2%2Fcategories&post=209293"},{"taxonomy":"post_tag","embeddable":true,"href":"https:\/\/diarioregionaldigital.com.br\/index.php?rest_route=%2Fwp%2Fv2%2Ftags&post=209293"}],"curies":[{"name":"wp","href":"https:\/\/api.w.org\/{rel}","templated":true}]}}