{"id":209287,"date":"2023-01-19T20:21:28","date_gmt":"2023-01-19T23:21:28","guid":{"rendered":"https:\/\/diarioregionaldigital.com.br\/?p=209287"},"modified":"2023-01-19T20:21:28","modified_gmt":"2023-01-19T23:21:28","slug":"agu-pede-bloqueio-de-r-185-mi-dos-financiadores-de-atos-golpistas","status":"publish","type":"post","link":"https:\/\/diarioregionaldigital.com.br\/?p=209287","title":{"rendered":"AGU pede bloqueio de R$ 18,5 mi dos financiadores de atos golpistas"},"content":{"rendered":"<p>A Advocacia-Geral da Uni\u00e3o (AGU) pediu hoje (19) \u00e0 Justi\u00e7a Federal novo bloqueio de bens de pessoas f\u00edsicas e empresas envolvidas nos\u00a0<a href=\"http:\/\/https\/\/agenciabrasil.ebc.com.br\/tags\/atos-antidemocraticos\" target=\"_blank\" rel=\"noopener\">atos antidemocr\u00e1ticos de 8 de janeiro<\/a>. O \u00f3rg\u00e3o pede que o\u00a0<a href=\"https:\/\/agenciabrasil.ebc.com.br\/justica\/noticia\/2023-01\/justica-bloqueia-r-65-milhoes-de-acusados-de-financiar-ataques\" target=\"_blank\" rel=\"noopener\">bloqueio anterior de R$ 6,5 milh\u00f5es<\/a>\u00a0passe para R$ 18,5 milh\u00f5es.<img decoding=\"async\" src=\"https:\/\/agenciabrasil.ebc.com.br\/ebc.png?id=1505213&amp;o=node\" \/><img decoding=\"async\" src=\"https:\/\/agenciabrasil.ebc.com.br\/ebc.gif?id=1505213&amp;o=node\" \/><\/p>\n<p>No novo pedido, a AGU informa que o novo valor se refere aos preju\u00edzos com a depreda\u00e7\u00e3o das instala\u00e7\u00f5es do Pal\u00e1cio do Planalto, do Congresso e do Supremo Tribunal Federal (STF).<\/p>\n<p>Segundo a advocacia, o bloqueio deve atingir bens m\u00f3veis e im\u00f3veis de 52 pessoas e sete empresas.<\/p>\n<p>\u201cNesse contexto, ante informa\u00e7\u00f5es supervenientes, constata-se que o dano m\u00ednimo estimado se encontra subdimensionado, motivo pelo qual a Uni\u00e3o vem a ju\u00edzo requerer o aditamento da inicial para alterar e acrescer novo elemento a causa de pedir e novo pedido atinente \u00e0 majora\u00e7\u00e3o do dano outrora estabelecido como par\u00e2metro para a concess\u00e3o da cautelar patrimonial\u201d, justificou a AGU.<\/p>\n<p>Na ter\u00e7a-feira (17), em\u00a0<a href=\"https:\/\/agenciabrasil.ebc.com.br\/justica\/noticia\/2023-01\/agu-entrara-com-novas-acoes-de-ressarcimento-por-atos-de-8-de-janeiro\" target=\"_blank\" rel=\"noopener\">entrevista ao programa\u00a0<em>A Voz do Brasil<\/em><\/a>, o ministro da Advocacia-Geral da Uni\u00e3o (AGU), Jorge Messias, garantiu que todos os envolvidos nos atos golpistas ser\u00e3o responsabilizados.<\/p>\n<h2>Atos antidemocr\u00e1ticos<\/h2>\n<p>Desde que o presidente Luiz In\u00e1cio Lula da Silva foi eleito em segundo turno, no final de outubro, apoiadores do ex-presidente Jair Bolsonaro demonstram inconformismo com o resultado do pleito e pedem um golpe militar no pa\u00eds, para depor o governo eleito democraticamente.<\/p>\n<p>As manifesta\u00e7\u00f5es dos \u00faltimos meses inclu\u00edram acampamentos em diversos quart\u00e9is generais do pa\u00eds e culminaram com a invas\u00e3o e depreda\u00e7\u00e3o das sedes dos Tr\u00eas Poderes, em Bras\u00edlia, no dia 8 de janeiro.<\/p>\n<p><span style=\"font-weight: 400;\">Fonte: Ag\u00eancia Brasil <\/span><\/p>\n","protected":false},"excerpt":{"rendered":"<p>A Advocacia-Geral da Uni\u00e3o (AGU) pediu hoje (19) \u00e0 Justi\u00e7a Federal novo bloqueio de bens de pessoas f\u00edsicas e empresas envolvidas nos\u00a0atos antidemocr\u00e1ticos de 8 de janeiro. O \u00f3rg\u00e3o pede que o\u00a0bloqueio anterior de R$ 6,5 milh\u00f5es\u00a0passe para R$ 18,5 milh\u00f5es. No novo pedido, a AGU informa que o novo valor se refere aos preju\u00edzos [&hellip;]<\/p>\n","protected":false},"author":246,"featured_media":209288,"comment_status":"closed","ping_status":"closed","sticky":false,"template":"","format":"standard","meta":{"footnotes":""},"categories":[436,254,439],"tags":[],"class_list":["post-209287","post","type-post","status-publish","format-standard","has-post-thumbnail","hentry","category-destaque-da-semana","category-politica","category-ultima-hora"],"_links":{"self":[{"href":"https:\/\/diarioregionaldigital.com.br\/index.php?rest_route=\/wp\/v2\/posts\/209287","targetHints":{"allow":["GET"]}}],"collection":[{"href":"https:\/\/diarioregionaldigital.com.br\/index.php?rest_route=\/wp\/v2\/posts"}],"about":[{"href":"https:\/\/diarioregionaldigital.com.br\/index.php?rest_route=\/wp\/v2\/types\/post"}],"author":[{"embeddable":true,"href":"https:\/\/diarioregionaldigital.com.br\/index.php?rest_route=\/wp\/v2\/users\/246"}],"replies":[{"embeddable":true,"href":"https:\/\/diarioregionaldigital.com.br\/index.php?rest_route=%2Fwp%2Fv2%2Fcomments&post=209287"}],"version-history":[{"count":1,"href":"https:\/\/diarioregionaldigital.com.br\/index.php?rest_route=\/wp\/v2\/posts\/209287\/revisions"}],"predecessor-version":[{"id":209289,"href":"https:\/\/diarioregionaldigital.com.br\/index.php?rest_route=\/wp\/v2\/posts\/209287\/revisions\/209289"}],"wp:featuredmedia":[{"embeddable":true,"href":"https:\/\/diarioregionaldigital.com.br\/index.php?rest_route=\/wp\/v2\/media\/209288"}],"wp:attachment":[{"href":"https:\/\/diarioregionaldigital.com.br\/index.php?rest_route=%2Fwp%2Fv2%2Fmedia&parent=209287"}],"wp:term":[{"taxonomy":"category","embeddable":true,"href":"https:\/\/diarioregionaldigital.com.br\/index.php?rest_route=%2Fwp%2Fv2%2Fcategories&post=209287"},{"taxonomy":"post_tag","embeddable":true,"href":"https:\/\/diarioregionaldigital.com.br\/index.php?rest_route=%2Fwp%2Fv2%2Ftags&post=209287"}],"curies":[{"name":"wp","href":"https:\/\/api.w.org\/{rel}","templated":true}]}}