{"id":209284,"date":"2023-01-19T20:20:11","date_gmt":"2023-01-19T23:20:11","guid":{"rendered":"https:\/\/diarioregionaldigital.com.br\/?p=209284"},"modified":"2023-01-19T20:20:11","modified_gmt":"2023-01-19T23:20:11","slug":"pf-prende-no-rio-mais-um-suspeito-de-participar-dos-atos-de-8-de-janeiro","status":"publish","type":"post","link":"https:\/\/diarioregionaldigital.com.br\/?p=209284","title":{"rendered":"PF prende no Rio mais um suspeito de participar dos atos de 8 de janeiro"},"content":{"rendered":"<p>A Superintend\u00eancia da Pol\u00edcia Federal (PF) no Rio de Janeiro confirmou que a corpora\u00e7\u00e3o prendeu hoje (19) mais um acusado de participar dos atos golpistas de 8 de janeiro. O alvo foi o assessor parlamentar Carlos Victor Carvalho,\u00a0 encontrado em Gua\u00e7u\u00ed, no Esp\u00edrito Santo.<img decoding=\"async\" src=\"https:\/\/agenciabrasil.ebc.com.br\/ebc.png?id=1505216&amp;o=node\" \/><img decoding=\"async\" src=\"https:\/\/agenciabrasil.ebc.com.br\/ebc.gif?id=1505216&amp;o=node\" \/><\/p>\n<p>Carvalho \u00e9 o terceiro investigado que teve pris\u00e3o decretada pela 7\u00aa Vara Federal Criminal do Rio no \u00e2mbito da Opera\u00e7\u00e3o Ulysses, deflagrada em Campos dos Goytacazes, norte do estado.<\/p>\n<p>A opera\u00e7\u00e3o foi deflagrada na segunda-feira (16), mas Carvalho n\u00e3o tinha sido encontrado at\u00e9 a manh\u00e3 de hoje. O objetivo da investiga\u00e7\u00e3o \u00e9 identificar os respons\u00e1veis por bloqueio de rodovias no munic\u00edpio e por liderar manifesta\u00e7\u00f5es em frente do quartel do Ex\u00e9rcito da cidade, al\u00e9m de participar dos atos golpistas contra pr\u00e9dios p\u00fablicos em Bras\u00edlia.<\/p>\n<p>Carlos Vitor \u00e9 assessor do deputado estadual Filippe Poubel\u00a0(PL-RJ). Em nota, o gabinete de Poubel declarou que o parlamentar \u201csempre repudiou atos ilegais e evidenciou respeito aos valores democr\u00e1ticos&#8221;.<\/p>\n<h2>V\u00eddeo no telhado do Congresso<\/h2>\n<p>Ontem (18), o ministro do Supremo Tribunal Federal (STF) Alexandre de Moraes manteve a pris\u00e3o de Wellington Firmino, do munic\u00edpio paulista de Sorocaba, que participou dos atos e publicou nas redes sociais um v\u00eddeo filmado no telhado do edif\u00edcio do Congresso Nacional. O nome dele est\u00e1 entre os\u00a0<a href=\"https:\/\/agenciabrasil.ebc.com.br\/justica\/noticia\/2023-01\/moraes-mantem-prisao-de-354-investigados-por-atos-antidemocraticos\" target=\"_blank\" rel=\"noopener\">354 investigados<\/a>\u00a0que tiveram convertida em preventiva a pris\u00e3o em flagrante.<\/p>\n<p><span style=\"font-weight: 400;\">Fonte: Ag\u00eancia Brasil <\/span><\/p>\n","protected":false},"excerpt":{"rendered":"<p>A Superintend\u00eancia da Pol\u00edcia Federal (PF) no Rio de Janeiro confirmou que a corpora\u00e7\u00e3o prendeu hoje (19) mais um acusado de participar dos atos golpistas de 8 de janeiro. O alvo foi o assessor parlamentar Carlos Victor Carvalho,\u00a0 encontrado em Gua\u00e7u\u00ed, no Esp\u00edrito Santo. Carvalho \u00e9 o terceiro investigado que teve pris\u00e3o decretada pela 7\u00aa [&hellip;]<\/p>\n","protected":false},"author":246,"featured_media":209285,"comment_status":"closed","ping_status":"closed","sticky":false,"template":"","format":"standard","meta":{"footnotes":""},"categories":[436,254,439],"tags":[],"class_list":["post-209284","post","type-post","status-publish","format-standard","has-post-thumbnail","hentry","category-destaque-da-semana","category-politica","category-ultima-hora"],"_links":{"self":[{"href":"https:\/\/diarioregionaldigital.com.br\/index.php?rest_route=\/wp\/v2\/posts\/209284","targetHints":{"allow":["GET"]}}],"collection":[{"href":"https:\/\/diarioregionaldigital.com.br\/index.php?rest_route=\/wp\/v2\/posts"}],"about":[{"href":"https:\/\/diarioregionaldigital.com.br\/index.php?rest_route=\/wp\/v2\/types\/post"}],"author":[{"embeddable":true,"href":"https:\/\/diarioregionaldigital.com.br\/index.php?rest_route=\/wp\/v2\/users\/246"}],"replies":[{"embeddable":true,"href":"https:\/\/diarioregionaldigital.com.br\/index.php?rest_route=%2Fwp%2Fv2%2Fcomments&post=209284"}],"version-history":[{"count":1,"href":"https:\/\/diarioregionaldigital.com.br\/index.php?rest_route=\/wp\/v2\/posts\/209284\/revisions"}],"predecessor-version":[{"id":209286,"href":"https:\/\/diarioregionaldigital.com.br\/index.php?rest_route=\/wp\/v2\/posts\/209284\/revisions\/209286"}],"wp:featuredmedia":[{"embeddable":true,"href":"https:\/\/diarioregionaldigital.com.br\/index.php?rest_route=\/wp\/v2\/media\/209285"}],"wp:attachment":[{"href":"https:\/\/diarioregionaldigital.com.br\/index.php?rest_route=%2Fwp%2Fv2%2Fmedia&parent=209284"}],"wp:term":[{"taxonomy":"category","embeddable":true,"href":"https:\/\/diarioregionaldigital.com.br\/index.php?rest_route=%2Fwp%2Fv2%2Fcategories&post=209284"},{"taxonomy":"post_tag","embeddable":true,"href":"https:\/\/diarioregionaldigital.com.br\/index.php?rest_route=%2Fwp%2Fv2%2Ftags&post=209284"}],"curies":[{"name":"wp","href":"https:\/\/api.w.org\/{rel}","templated":true}]}}