{"id":209271,"date":"2023-01-19T20:04:06","date_gmt":"2023-01-19T23:04:06","guid":{"rendered":"https:\/\/diarioregionaldigital.com.br\/?p=209271"},"modified":"2023-01-19T20:04:06","modified_gmt":"2023-01-19T23:04:06","slug":"dolar-fecha-praticamente-estavel-a-r-517-apos-declaracao-de-padilha","status":"publish","type":"post","link":"https:\/\/diarioregionaldigital.com.br\/?p=209271","title":{"rendered":"D\u00f3lar fecha praticamente est\u00e1vel a R$ 5,17 ap\u00f3s declara\u00e7\u00e3o de Padilha"},"content":{"rendered":"<p>Em um dia vol\u00e1til no mercado financeiro, o d\u00f3lar fechou praticamente est\u00e1vel ap\u00f3s superar os R$ 5,20 durante boa parte da sess\u00e3o. A bolsa de valores subiu pela terceira vez consecutiva, impulsionada por petroleiras e por varejistas concorrentes das Lojas Americanas.<img decoding=\"async\" src=\"https:\/\/agenciabrasil.ebc.com.br\/ebc.png?id=1505204&amp;o=node\" \/><img decoding=\"async\" src=\"https:\/\/agenciabrasil.ebc.com.br\/ebc.gif?id=1505204&amp;o=node\" \/><\/p>\n<p>O d\u00f3lar comercial encerrou esta quinta-feira (19) vendido a R$ 5,171, com alta de apenas 0,16%. A cota\u00e7\u00e3o abriu em R$ 5,24 e ficou acima de R$ 5,20 at\u00e9 a hora final de negocia\u00e7\u00e3o, quando desacelerou at\u00e9 fechar perto da estabilidade.<\/p>\n<p>A divisa acumula queda de 2,06% em 2023. Apesar do recuo de hoje, a moeda norte-americana sobe 1,27% na semana.<\/p>\n<h2>Bolsa<\/h2>\n<p>O mercado de a\u00e7\u00f5es tamb\u00e9m teve um dia de volatilidade. O \u00edndice Ibovespa, da B3, fechou aos 112.923 pontos, com alta de 0,62%. O indicador chegou a cair 0,82% na abertura da sess\u00e3o. Ap\u00f3s alternar quedas e momentos de estabilidade, a bolsa passou a subir perto do fim das negocia\u00e7\u00f5es.<\/p>\n<p>Mesmo a queda nas a\u00e7\u00f5es das Lojas Americanas n\u00e3o afetou a bolsa. Os pap\u00e9is da varejista ca\u00edram 42,53% e fecharam em R$ 1. Assim que a companhia comunicou o pedido de recupera\u00e7\u00e3o judicial, a B3 excluiu as a\u00e7\u00f5es da empresa de todos os \u00edndices da bolsa brasileira.<\/p>\n<p>Fatores dom\u00e9sticos e internacionais influenciaram o mercado. No cen\u00e1rio interno, as negocia\u00e7\u00f5es come\u00e7aram o dia com nervosismo, por causa da entrevista de ontem (18) do presidente Luiz In\u00e1cio Lula da Silva a uma emissora de televis\u00e3o. Na conversa, o presidente criticou a autonomia do Banco Central (BC) e a pol\u00edtica de juros do \u00f3rg\u00e3o.<\/p>\n<p>Os \u00e2nimos s\u00f3 arrefeceram no fim do dia, ap\u00f3s o ministro de Rela\u00e7\u00f5es Institucionais, Alexandre Padilha, descartar a redu\u00e7\u00e3o da autonomia do Banco Central (BC). LINK Nas redes sociais, o ministro escreveu que \u201ca pol\u00edtica monet\u00e1ria e o papel de an\u00e1lise da macroeconomia do Banco Central s\u00e3o de extrema import\u00e2ncia\u201d. O d\u00f3lar desacelerou, e a bolsa passou a subir imediatamente ap\u00f3s a postagem.<\/p>\n<p>No mercado externo, o d\u00f3lar teve um dia misto, caindo perante o euro, mas subindo diante das moedas de v\u00e1rios pa\u00edses emergentes. A divulga\u00e7\u00e3o de v\u00e1rios dados que mostram a desacelera\u00e7\u00e3o da economia dos Estados Unidos, que ontem tinha provocado turbul\u00eancia nas bolsas internacionais, hoje aumentou a expectativa de o Federal Reserve (Banco Central norte-americano) desacelere as altas de juros nas pr\u00f3ximas reuni\u00f5es.<\/p>\n<p><i>\u00a0<\/i><span style=\"font-weight: 400;\"><br \/>\n<\/span><span style=\"font-weight: 400;\">Fonte: Ag\u00eancia Brasil <\/span><\/p>\n","protected":false},"excerpt":{"rendered":"<p>Em um dia vol\u00e1til no mercado financeiro, o d\u00f3lar fechou praticamente est\u00e1vel ap\u00f3s superar os R$ 5,20 durante boa parte da sess\u00e3o. A bolsa de valores subiu pela terceira vez consecutiva, impulsionada por petroleiras e por varejistas concorrentes das Lojas Americanas. O d\u00f3lar comercial encerrou esta quinta-feira (19) vendido a R$ 5,171, com alta de [&hellip;]<\/p>\n","protected":false},"author":246,"featured_media":209272,"comment_status":"closed","ping_status":"closed","sticky":false,"template":"","format":"standard","meta":{"footnotes":""},"categories":[436,261,439],"tags":[],"class_list":["post-209271","post","type-post","status-publish","format-standard","has-post-thumbnail","hentry","category-destaque-da-semana","category-economia","category-ultima-hora"],"_links":{"self":[{"href":"https:\/\/diarioregionaldigital.com.br\/index.php?rest_route=\/wp\/v2\/posts\/209271","targetHints":{"allow":["GET"]}}],"collection":[{"href":"https:\/\/diarioregionaldigital.com.br\/index.php?rest_route=\/wp\/v2\/posts"}],"about":[{"href":"https:\/\/diarioregionaldigital.com.br\/index.php?rest_route=\/wp\/v2\/types\/post"}],"author":[{"embeddable":true,"href":"https:\/\/diarioregionaldigital.com.br\/index.php?rest_route=\/wp\/v2\/users\/246"}],"replies":[{"embeddable":true,"href":"https:\/\/diarioregionaldigital.com.br\/index.php?rest_route=%2Fwp%2Fv2%2Fcomments&post=209271"}],"version-history":[{"count":1,"href":"https:\/\/diarioregionaldigital.com.br\/index.php?rest_route=\/wp\/v2\/posts\/209271\/revisions"}],"predecessor-version":[{"id":209273,"href":"https:\/\/diarioregionaldigital.com.br\/index.php?rest_route=\/wp\/v2\/posts\/209271\/revisions\/209273"}],"wp:featuredmedia":[{"embeddable":true,"href":"https:\/\/diarioregionaldigital.com.br\/index.php?rest_route=\/wp\/v2\/media\/209272"}],"wp:attachment":[{"href":"https:\/\/diarioregionaldigital.com.br\/index.php?rest_route=%2Fwp%2Fv2%2Fmedia&parent=209271"}],"wp:term":[{"taxonomy":"category","embeddable":true,"href":"https:\/\/diarioregionaldigital.com.br\/index.php?rest_route=%2Fwp%2Fv2%2Fcategories&post=209271"},{"taxonomy":"post_tag","embeddable":true,"href":"https:\/\/diarioregionaldigital.com.br\/index.php?rest_route=%2Fwp%2Fv2%2Ftags&post=209271"}],"curies":[{"name":"wp","href":"https:\/\/api.w.org\/{rel}","templated":true}]}}