{"id":209268,"date":"2023-01-19T20:01:39","date_gmt":"2023-01-19T23:01:39","guid":{"rendered":"https:\/\/diarioregionaldigital.com.br\/?p=209268"},"modified":"2023-01-19T20:57:36","modified_gmt":"2023-01-19T23:57:36","slug":"justica-aceita-pedido-de-recuperacao-judicial-das-americanas","status":"publish","type":"post","link":"https:\/\/diarioregionaldigital.com.br\/?p=209268","title":{"rendered":"Justi\u00e7a aceita pedido de recupera\u00e7\u00e3o judicial das Americanas"},"content":{"rendered":"<p>O Tribunal de Justi\u00e7a do Rio de Janeiro (TJRJ) informou nesta tarde (19) que foi aceito o pedido de recupera\u00e7\u00e3o judicial apresentado pelo Grupo Americanas. A decis\u00e3o \u00e9 do juiz Paulo Assed Estefan, da 4\u00aa Vara Empresarial da capital. Na semana passada, a descoberta de inconsist\u00eancias cont\u00e1beis no balan\u00e7o fiscal do grupo resultou no pedido de demiss\u00e3o do presidente S\u00e9rgio Rial e do diretor de rela\u00e7\u00f5es com investidores Andr\u00e9 Covre.<img decoding=\"async\" src=\"https:\/\/agenciabrasil.ebc.com.br\/ebc.png?id=1505208&amp;o=node\" \/><img decoding=\"async\" src=\"https:\/\/agenciabrasil.ebc.com.br\/ebc.gif?id=1505208&amp;o=node\" \/><\/p>\n<p>Ambos haviam sido empossados h\u00e1 pouco mais de uma semana, mas anunciaram a decis\u00e3o de deixar os cargos ao estimar que havia um rombo de R$ 20 bilh\u00f5es. A not\u00edcia gerou uma queda bruscas imediata de mais de 70% nas a\u00e7\u00f5es da Americanas cotadas na Bolsa de Valores. O an\u00fancio do pedido de recupera\u00e7\u00e3o judicial tamb\u00e9m impactou os ativos, que desvalorizaram hoje quase 40%. Na peti\u00e7\u00e3o apresentada ao TJRJ, o grupo calcula que as inconsist\u00eancias cont\u00e1beis devem elevar as d\u00edvidas para um montante em torno de R$ 40 bilh\u00f5es.<\/p>\n<p>A recupera\u00e7\u00e3o judicial \u00e9 solicitada quando uma empresa se encontra em dificuldades financeiras. Com o pedido aceito, eventuais execu\u00e7\u00f5es judiciais de d\u00edvidas s\u00e3o paralisadas por 180 dias e a empresa dever\u00e1 apresentar em 60 dias uma proposta que inclua formas de pagamento aos credores e uma reorganiza\u00e7\u00e3o administrativa, de forma a evitar que a situa\u00e7\u00e3o se agrave e chegue a um cen\u00e1rio de fal\u00eancia. A lista completa dos mais de 16 mil credores dever\u00e1 ser entregue em 48 horas.<\/p>\n<p>O Grupo Americanas \u00e9 composto pelas empresas Americanas S.A., B2W Digital Lux e JSM Global. Elas s\u00e3o respons\u00e1veis por marcas variadas que realizam vendas a varejo e por meio da internet, tais como as Lojas Americanas, Americanas.com, Submarino, Shoptime, Hortifrutti, entre outras. Segundo a peti\u00e7\u00e3o apresentada ao TJRJ, juntas elas atingem mais de 50 milh\u00f5es consumidores.<\/p>\n<p>O grupo sustentou que preenche todos os requisitos legais da Lei de Recupera\u00e7\u00e3o Judicial e que \u00e9 incontest\u00e1vel a necessidade do atendimento do pedido para supera\u00e7\u00e3o da sua crise financeira e preserva\u00e7\u00e3o da sua atividade empresarial. Tamb\u00e9m informou que seu conselho de administra\u00e7\u00e3o j\u00e1 criou um comit\u00ea independente formado por profissionais, que ser\u00e1 respons\u00e1vel por investigar o cen\u00e1rio e apresentar suas conclus\u00f5es aos acionistas, ao mercado e \u00e0 sociedade em geral.<\/p>\n<p>\u201cEm raz\u00e3o do potencial descumprimento de obriga\u00e7\u00f5es contratuais acess\u00f3rias, previstas em v\u00e1rios dos contratos celebrados com seus credores, inclusive estrangeiros, tornou-se iminente o risco de declara\u00e7\u00e3o de vencimento antecipado e imediato da totalidade de suas bilion\u00e1rias obriga\u00e7\u00f5es\u201d, registra o pedido.<\/p>\n<h2>Comunicado ao mercado<\/h2>\n<p>Mais cedo, o Grupo Americanas j\u00e1 havia admitido,\u00a0<a href=\"https:\/\/agenciabrasil.ebc.com.br\/economia\/noticia\/2023-01\/americanas-avalia-possibilidade-de-pedir-recuperacao-judicial\" target=\"_blank\" rel=\"noopener\">em comunicado ao mercado<\/a>, a possibilidade de pedir recupera\u00e7\u00e3o judicial. Na ocasi\u00e3o, foi informada uma posi\u00e7\u00e3o de caixa de R$ 800 milh\u00f5es e que uma parcela estava indispon\u00edvel para movimenta\u00e7\u00e3o.<\/p>\n<p>Em novo comunicado divulgado ao mercado para confirmar o pedido de recupera\u00e7\u00e3o judicial, o Grupo Americanas afirmou confian\u00e7a na manuten\u00e7\u00e3o de suas opera\u00e7\u00f5es e informou que o grupo de acionistas de refer\u00eancia da empresa &#8211; que \u00e9 formado pela 3G Capital Partners dos s\u00f3cios Jorge Paulo Lemann, Carlos Alberto Sicupira e Marcel Hermann Telles &#8211; manifestou que pretende manter sua liquidez em patamares que permitam o bom funcionamento de todas as lojas.<\/p>\n<p>&#8220;A companhia manter\u00e1 seu esfor\u00e7o na busca por uma solu\u00e7\u00e3o com os seus credores, para manter seu compromisso como geradora de milhares de empregos diretos e indiretos, amplo impacto social, fonte produtora e de est\u00edmulo \u00e0 atividade econ\u00f4mica, al\u00e9m de ser uma relevante pagadora de tributos&#8221;, acrescenta o texto.<\/p>\n<p><span style=\"font-weight: 400;\">Fonte: Ag\u00eancia Brasil <\/span><\/p>\n","protected":false},"excerpt":{"rendered":"<p>O Tribunal de Justi\u00e7a do Rio de Janeiro (TJRJ) informou nesta tarde (19) que foi aceito o pedido de recupera\u00e7\u00e3o judicial apresentado pelo Grupo Americanas. A decis\u00e3o \u00e9 do juiz Paulo Assed Estefan, da 4\u00aa Vara Empresarial da capital. Na semana passada, a descoberta de inconsist\u00eancias cont\u00e1beis no balan\u00e7o fiscal do grupo resultou no pedido [&hellip;]<\/p>\n","protected":false},"author":246,"featured_media":209269,"comment_status":"closed","ping_status":"closed","sticky":false,"template":"","format":"standard","meta":{"footnotes":""},"categories":[436,440,261,439],"tags":[],"class_list":["post-209268","post","type-post","status-publish","format-standard","has-post-thumbnail","hentry","category-destaque-da-semana","category-destaques-do-dia","category-economia","category-ultima-hora"],"_links":{"self":[{"href":"https:\/\/diarioregionaldigital.com.br\/index.php?rest_route=\/wp\/v2\/posts\/209268","targetHints":{"allow":["GET"]}}],"collection":[{"href":"https:\/\/diarioregionaldigital.com.br\/index.php?rest_route=\/wp\/v2\/posts"}],"about":[{"href":"https:\/\/diarioregionaldigital.com.br\/index.php?rest_route=\/wp\/v2\/types\/post"}],"author":[{"embeddable":true,"href":"https:\/\/diarioregionaldigital.com.br\/index.php?rest_route=\/wp\/v2\/users\/246"}],"replies":[{"embeddable":true,"href":"https:\/\/diarioregionaldigital.com.br\/index.php?rest_route=%2Fwp%2Fv2%2Fcomments&post=209268"}],"version-history":[{"count":1,"href":"https:\/\/diarioregionaldigital.com.br\/index.php?rest_route=\/wp\/v2\/posts\/209268\/revisions"}],"predecessor-version":[{"id":209270,"href":"https:\/\/diarioregionaldigital.com.br\/index.php?rest_route=\/wp\/v2\/posts\/209268\/revisions\/209270"}],"wp:featuredmedia":[{"embeddable":true,"href":"https:\/\/diarioregionaldigital.com.br\/index.php?rest_route=\/wp\/v2\/media\/209269"}],"wp:attachment":[{"href":"https:\/\/diarioregionaldigital.com.br\/index.php?rest_route=%2Fwp%2Fv2%2Fmedia&parent=209268"}],"wp:term":[{"taxonomy":"category","embeddable":true,"href":"https:\/\/diarioregionaldigital.com.br\/index.php?rest_route=%2Fwp%2Fv2%2Fcategories&post=209268"},{"taxonomy":"post_tag","embeddable":true,"href":"https:\/\/diarioregionaldigital.com.br\/index.php?rest_route=%2Fwp%2Fv2%2Ftags&post=209268"}],"curies":[{"name":"wp","href":"https:\/\/api.w.org\/{rel}","templated":true}]}}