{"id":209265,"date":"2023-01-19T06:00:43","date_gmt":"2023-01-19T09:00:43","guid":{"rendered":"https:\/\/diarioregionaldigital.com.br\/?p=209265"},"modified":"2023-04-27T01:48:04","modified_gmt":"2023-04-27T04:48:04","slug":"palavras-comovem-testemunhos-arrastam-19-01-2023","status":"publish","type":"post","link":"https:\/\/diarioregionaldigital.com.br\/?p=209265","title":{"rendered":"Palavras Comovem Testemunhos Arrastam &#8211; 19\/01\/2023"},"content":{"rendered":"<p>Meu caro leitor \u00e9 com alegria que novamente estamos chegando at\u00e9 voc\u00ea para mais uma edi\u00e7\u00e3o de palavras comovem mas testemunhos arrastam. Bem sei de sua expectativa para ler os testemunhos aqui apresentados. Hoje teremos dois belos testemunhos\u00a0 vamos ao primeiro:<\/p>\n<p>Testemunho para o dia 18 de janeiro: Bom dia Padre Erelis Obrigada por ter rezado pela cura do meu beb\u00ea. Gra\u00e7as as ora\u00e7\u00f5es do\u00a0 senhor e a intercess\u00e3o de S\u00e3o Judas Tadeu junto ao Divino Pai Eterno eu consegui a cura do meu\u00a0 filho que teve que fazer cirugia no mesmo dia que nasceu os m\u00e9dicos diziam que se vivesse um ano seria milgre eu n\u00e3o desanimei cada dia foi melhorando e hoje\u00a0 estou passando para lhe desejar um<\/p>\n<p>Feliz e aben\u00e7oado ano novo\u00a0 e dizer para o senhor que minha gratid\u00e3o ao senhor \u00e9 infinita.<\/p>\n<p>Testemunho para o dia 18 de janeiro:\u00a0 forte abra\u00e7o.<\/p>\n<p>Testemunho para o dia 18 de janeiro: Olha como meu\u00a0 milgre aconteceu est\u00e1 lindo e completa 2 anos hoje<\/p>\n<p>Testemunho para o dia 18 de janeiro, Ele se chama Elionor. Louvado seja o nome de Jesus.<\/p>\n<p>Vamos ao segundo: Bom dia Padre Erelis<\/p>\n<p>Com o cora\u00e7\u00e3o\u00a0 cheio de gratid\u00e3o, f\u00e9 e confian\u00e7a em S\u00e3o Judas Tadeu e as ora\u00e7\u00f5es do senhor\u00a0 consegui passar na prova da OAB. Era o meu maior presente para o ano de 2023. muito obrigado pelas ora\u00e7\u00f5es. S\u00f3 tenho que agradecer a Deus e a intersec\u00e7\u00e3o de s\u00e3o Judas Tadeu.<\/p>\n<p>Vejam como Deus age na \u00a0vida das pessoas.<\/p>\n<p>Convido voc\u00ea para participar da missa\u00a0 de S\u00e3o Judas Tadeu das causas imposs\u00edveis clamando a miseric\u00f3rdia de Jesus por sa\u00fade e liberta\u00e7\u00e3o toda quarta feira a partir\u00a0 quarta feira dia 25 de janeiro \u00e0s 19 e 30 na Rodoviaria ao lado da imagem de nossa senhora\u00a0 rosa mistica e do ter\u00e7o todos os dias\u00a0 \u00e0s 12; 15h; \u00e0s\u00a0 20e30h; \u00e0s 22h pelo youtube e Facebook do santu\u00e1rio virtual sao Judas Tadeu. svsaojudastadeu.com; \u00e0s 06h ; \u00e0s 10 e 23h pelo watzap; Deixo o n\u00famero do meu celular para me ligarem quando precisar de uma ora\u00e7\u00e3o 988652609 se eu n\u00e3o atender na hora eu retornarei assim que eu ver a liga\u00e7\u00e3o.<\/p>\n","protected":false},"excerpt":{"rendered":"<p>Meu caro leitor \u00e9 com alegria que novamente estamos chegando at\u00e9 voc\u00ea para mais uma edi\u00e7\u00e3o de palavras comovem mas testemunhos arrastam. Bem sei de sua expectativa para ler os testemunhos aqui apresentados. Hoje teremos dois belos testemunhos\u00a0 vamos ao primeiro: Testemunho para o dia 18 de janeiro: Bom dia Padre Erelis Obrigada por ter [&hellip;]<\/p>\n","protected":false},"author":96,"featured_media":0,"comment_status":"closed","ping_status":"closed","sticky":false,"template":"","format":"standard","meta":{"footnotes":""},"categories":[1245],"tags":[],"class_list":["post-209265","post","type-post","status-publish","format-standard","hentry","category-padre-erelis"],"_links":{"self":[{"href":"https:\/\/diarioregionaldigital.com.br\/index.php?rest_route=\/wp\/v2\/posts\/209265","targetHints":{"allow":["GET"]}}],"collection":[{"href":"https:\/\/diarioregionaldigital.com.br\/index.php?rest_route=\/wp\/v2\/posts"}],"about":[{"href":"https:\/\/diarioregionaldigital.com.br\/index.php?rest_route=\/wp\/v2\/types\/post"}],"author":[{"embeddable":true,"href":"https:\/\/diarioregionaldigital.com.br\/index.php?rest_route=\/wp\/v2\/users\/96"}],"replies":[{"embeddable":true,"href":"https:\/\/diarioregionaldigital.com.br\/index.php?rest_route=%2Fwp%2Fv2%2Fcomments&post=209265"}],"version-history":[{"count":1,"href":"https:\/\/diarioregionaldigital.com.br\/index.php?rest_route=\/wp\/v2\/posts\/209265\/revisions"}],"predecessor-version":[{"id":209266,"href":"https:\/\/diarioregionaldigital.com.br\/index.php?rest_route=\/wp\/v2\/posts\/209265\/revisions\/209266"}],"wp:attachment":[{"href":"https:\/\/diarioregionaldigital.com.br\/index.php?rest_route=%2Fwp%2Fv2%2Fmedia&parent=209265"}],"wp:term":[{"taxonomy":"category","embeddable":true,"href":"https:\/\/diarioregionaldigital.com.br\/index.php?rest_route=%2Fwp%2Fv2%2Fcategories&post=209265"},{"taxonomy":"post_tag","embeddable":true,"href":"https:\/\/diarioregionaldigital.com.br\/index.php?rest_route=%2Fwp%2Fv2%2Ftags&post=209265"}],"curies":[{"name":"wp","href":"https:\/\/api.w.org\/{rel}","templated":true}]}}