{"id":209256,"date":"2023-01-18T17:28:30","date_gmt":"2023-01-18T20:28:30","guid":{"rendered":"https:\/\/diarioregionaldigital.com.br\/?p=209256"},"modified":"2023-01-18T17:28:30","modified_gmt":"2023-01-18T20:28:30","slug":"defesa-civil-realiza-limpeza-de-pluviometros-da-cidade","status":"publish","type":"post","link":"https:\/\/diarioregionaldigital.com.br\/?p=209256","title":{"rendered":"Defesa Civil realiza limpeza de pluvi\u00f4metros da cidade"},"content":{"rendered":"<p>Segundo informa\u00e7\u00f5es do site da Prefeitura de Juiz de Fora (PJF), a Defesa Civil da Prefeitura de Juiz de Fora (PJF) realiza, de forma peri\u00f3dica,\u00a0 a limpeza e manuten\u00e7\u00e3o dos pluvi\u00f4metros espalhados pela cidade, com o objetivo de garantir a precis\u00e3o na medi\u00e7\u00e3o da intensidade e do volume das chuvas no munic\u00edpio. Nesta segunda-feira, o servi\u00e7o foi realizado no pluvi\u00f4metro de Santa Efig\u00eania, na Zona Sul da cidade.<\/p>\n<p>Durante as pr\u00f3ximas semanas, os demais pluvi\u00f4metros ser\u00e3o contemplados. A manuten\u00e7\u00e3o dos equipamentos \u00e9 realizada por servidores da Defesa Civil com a ajuda de volunt\u00e1rios do N\u00facleo de Prote\u00e7\u00e3o e Defesa Civil (Nupdec).<\/p>\n<p>Juiz de Fora possui 24 pluvi\u00f4metros autom\u00e1ticos espalhados por todas as regi\u00f5es da cidade, al\u00e9m de 11 semiautom\u00e1ticos. Os autom\u00e1ticos t\u00eam a capacidade de registrar o volume e intensidade da chuva e enviar os dados em tempo quase real ao Cemaden, enquanto as informa\u00e7\u00f5es coletadas pelos semiautom\u00e1ticos s\u00e3o armazenadas e posteriormente analisadas. Os dados podem ser acessados no\u00a0<strong><a href=\"https:\/\/www2.cemaden.gov.br\/mapainterativo\/#\">site do Cemaden<\/a><\/strong>.<\/p>\n<p>Eduardo Oliveira, ge\u00f3grafo e supervisor de mapeamento e monitoriza\u00e7\u00e3o de riscos da Defesa Civil, destaca a\u00a0 import\u00e2ncia das informa\u00e7\u00f5es recebidas pelos pluvi\u00f4metros. &#8220;Os dados coletados pelos pluvi\u00f4metros s\u00e3o fundamentais para podermos acompanhar o volume de chuva em cada regi\u00e3o, deixando as equipes preparadas para poss\u00edveis eventualidades como inunda\u00e7\u00f5es, alagamentos, enxurradas e escorregamento de solo&#8221;.<\/p>\n","protected":false},"excerpt":{"rendered":"<p>Segundo informa\u00e7\u00f5es do site da Prefeitura de Juiz de Fora (PJF), a Defesa Civil da Prefeitura de Juiz de Fora (PJF) realiza, de forma peri\u00f3dica,\u00a0 a limpeza e manuten\u00e7\u00e3o dos pluvi\u00f4metros espalhados pela cidade, com o objetivo de garantir a precis\u00e3o na medi\u00e7\u00e3o da intensidade e do volume das chuvas no munic\u00edpio. Nesta segunda-feira, o [&hellip;]<\/p>\n","protected":false},"author":246,"featured_media":209257,"comment_status":"closed","ping_status":"closed","sticky":false,"template":"","format":"standard","meta":{"footnotes":""},"categories":[253,436,439],"tags":[],"class_list":["post-209256","post","type-post","status-publish","format-standard","has-post-thumbnail","hentry","category-cidade","category-destaque-da-semana","category-ultima-hora"],"_links":{"self":[{"href":"https:\/\/diarioregionaldigital.com.br\/index.php?rest_route=\/wp\/v2\/posts\/209256","targetHints":{"allow":["GET"]}}],"collection":[{"href":"https:\/\/diarioregionaldigital.com.br\/index.php?rest_route=\/wp\/v2\/posts"}],"about":[{"href":"https:\/\/diarioregionaldigital.com.br\/index.php?rest_route=\/wp\/v2\/types\/post"}],"author":[{"embeddable":true,"href":"https:\/\/diarioregionaldigital.com.br\/index.php?rest_route=\/wp\/v2\/users\/246"}],"replies":[{"embeddable":true,"href":"https:\/\/diarioregionaldigital.com.br\/index.php?rest_route=%2Fwp%2Fv2%2Fcomments&post=209256"}],"version-history":[{"count":1,"href":"https:\/\/diarioregionaldigital.com.br\/index.php?rest_route=\/wp\/v2\/posts\/209256\/revisions"}],"predecessor-version":[{"id":209258,"href":"https:\/\/diarioregionaldigital.com.br\/index.php?rest_route=\/wp\/v2\/posts\/209256\/revisions\/209258"}],"wp:featuredmedia":[{"embeddable":true,"href":"https:\/\/diarioregionaldigital.com.br\/index.php?rest_route=\/wp\/v2\/media\/209257"}],"wp:attachment":[{"href":"https:\/\/diarioregionaldigital.com.br\/index.php?rest_route=%2Fwp%2Fv2%2Fmedia&parent=209256"}],"wp:term":[{"taxonomy":"category","embeddable":true,"href":"https:\/\/diarioregionaldigital.com.br\/index.php?rest_route=%2Fwp%2Fv2%2Fcategories&post=209256"},{"taxonomy":"post_tag","embeddable":true,"href":"https:\/\/diarioregionaldigital.com.br\/index.php?rest_route=%2Fwp%2Fv2%2Ftags&post=209256"}],"curies":[{"name":"wp","href":"https:\/\/api.w.org\/{rel}","templated":true}]}}