{"id":209246,"date":"2023-01-18T17:16:48","date_gmt":"2023-01-18T20:16:48","guid":{"rendered":"https:\/\/diarioregionaldigital.com.br\/?p=209246"},"modified":"2023-01-18T17:16:48","modified_gmt":"2023-01-18T20:16:48","slug":"mundiais-e-parapan-comecam-a-formar-time-brasileiro-de-paris","status":"publish","type":"post","link":"https:\/\/diarioregionaldigital.com.br\/?p=209246","title":{"rendered":"Mundiais e Parapan come\u00e7am a formar time brasileiro de Paris"},"content":{"rendered":"<p>Em 2022, as sele\u00e7\u00f5es de v\u00f4lei sentado feminino e goalball masculino asseguraram ao Brasil as primeiras vagas \u00e0 Paralimp\u00edada do ano que vem. Nesta temporada, mais atletas e equipes do pa\u00eds tamb\u00e9m devem se garantir em Paris (Fran\u00e7a), via Campeonatos Mundiais ou Jogos Parapan-Americanos de Santiago (Chile), entre 17 a\u00a026 de novembro. A meta do Comit\u00ea Paral\u00edmpico Brasileiro (CPB) \u00e9 levar 250 representantes \u00e0 capital francesa, que dever\u00e1 receber 4,4 mil esportistas entre\u00a028 de agosto\u00a0e\u00a09 de setembro\u00a0de 2024.<img decoding=\"async\" src=\"https:\/\/agenciabrasil.ebc.com.br\/ebc.png?id=1504925&amp;o=node\" \/><img decoding=\"async\" src=\"https:\/\/agenciabrasil.ebc.com.br\/ebc.gif?id=1504925&amp;o=node\" \/><\/p>\n<p>Vale lembrar que as vagas pertencem ao pa\u00eds, cabendo aos comit\u00eas paral\u00edmpicos nacionais (tamb\u00e9m chamados de NPC, sigla em ingl\u00eas para\u00a0National Paralympic Commitee) estabelecerem os\u00a0<a href=\"https:\/\/www.paralympic.org\/sites\/default\/files\/2022-11\/2022_11_28%20Paris%20QR_v1.5.1.pdf\">crit\u00e9rios de quem\u00a0ter\u00e1 direito<\/a>\u00a0&#8211; normalmente, os pr\u00f3prios atletas que as conquistaram s\u00e3o os contemplados. Para os Jogos de T\u00f3quio (Jap\u00e3o), por exemplo, o CPB definiu que os medalhistas de ouro nos Mundiais de atletismo e nata\u00e7\u00e3o de 2019 estariam garantidos na Paralimp\u00edada. Para 2024, a entidade ainda n\u00e3o divulgou os par\u00e2metros para defini\u00e7\u00e3o da equipe.<\/p>\n<blockquote><p>&#8220;\u00c9 prematuro falar [sobre proje\u00e7\u00e3o de vagas paral\u00edmpicas conquistadas em 2023] ainda em janeiro, mas teremos uma equipe de qualidade. A preocupa\u00e7\u00e3o n\u00e3o \u00e9 somente quantidade, mas que os atletas que forem \u00e0 Paralimp\u00edada estejam em condi\u00e7\u00f5es de buscarem medalhas ao Brasil&#8221;, disse o vice-presidente do CPB, Yohansson Nascimento, \u00e0\u00a0<strong>Ag\u00eancia Brasil<\/strong>.<\/p><\/blockquote>\n<p>O Mundial de tiro com arco, entre 17 e\u00a023 de julho, em Plzen (Rep\u00fablica Tcheca), definir\u00e1 78 das 140 vagas do esporte em Paris, sendo 24 nas disputas por equipes mistas e 54 nas individuais. Ainda em 2023, outras 30 ser\u00e3o decididas em tr\u00eas seletivas continentais &#8211; no caso das Am\u00e9ricas, ser\u00e1 o Parapan, depois da\u00a0modalidade\u00a0ter\u00a0ficado fora\u00a0da edi\u00e7\u00e3o de 2019, em Toronto (Canad\u00e1).<\/p>\n<p>Outro Mundial classificat\u00f3rio para 2024 ser\u00e1 o de futebol de cegos, de 18 a\u00a027 de agosto, em Birmingham (Gr\u00e3-Bretanha). As tr\u00eas melhores sele\u00e7\u00f5es asseguram lugar em Paris. Dono de cinco t\u00edtulos, sendo os tr\u00eas \u00faltimos consecutivos, o Brasil nunca esteve fora do p\u00f3dio na competi\u00e7\u00e3o.\u00a0Basta manter esse retrospecto para se garantir na Paralimp\u00edada, onde o time canarinho tamb\u00e9m buscar\u00e1 o hexa. A possibilidade derradeira ser\u00e1 o Parapan, com vaga somente em caso de t\u00edtulo.<\/p>\n<p>Ainda em agosto, entre os dias 23 e 26, em Duisburg (Alemanha), acontece o Mundial de paracanoagem. Os seis primeiros de cada prova garantem um lugar ao respectivo pa\u00eds em Paris. Ser\u00e3o definidas 60 vagas no evento, 30 por g\u00eanero. Cada NPC pode\u00a0ter, no m\u00e1ximo, cinco homens e cinco mulheres classificados aos Jogos. Em T\u00f3quio, o Brasil\u00a0contou com quatro representantes no masculino e tr\u00eas no feminino.<\/p>\n<p>No Mundial de remo, de 3 a\u00a010 de setembro, em Belgrado (S\u00e9rvia), mais 60 vagas ser\u00e3o preenchidas.\u00a0S\u00e3o 14 em provas individuais (sete no masculino e sete no feminino) e as demais em tr\u00eas disputas mistas, sendo duas envolvendo barcos para duas pessoas (classes PR2 e PR3 &#8211; a diferen\u00e7a da \u00faltima \u00e9 que, al\u00e9m de tronco e bra\u00e7os, os atletas t\u00eam defici\u00eancia nas pernas) e uma de embarca\u00e7\u00f5es quatro competidores (dois homens e duas mulheres) e um timoneiro.<\/p>\n<p>Se a classifica\u00e7\u00e3o via Mundial n\u00e3o vier, os brasileiros\u00a0ter\u00e3o nova oportunidade em Santiago. Os barcos vencedores das provas individuais masculina e feminina e da disputa mista da classe PR3 no Parapan se garantem na Paralimp\u00edada. O pa\u00eds, por\u00e9m, pode\u00a0ter\u00a0somente uma embarca\u00e7\u00e3o por evento de medalha em Paris.<\/p>\n<p>Tamb\u00e9m em setembro, entre os dias 17 e 29, em Lima (Peru), ocorre o Mundial de tiro esportivo, que definir\u00e1 33 vagas (oito para homens, 13 para mulheres e 12\u00a0que independem de g\u00eanero) a Paris. A\u00a0sele\u00e7\u00e3o brasileira ter\u00e1, ao menos, outras duas chances de buscar a classifica\u00e7\u00e3o ainda em 2023: al\u00e9m do Parapan (quatro lugares),\u00a0h\u00e1 a\u00a0Copa do Mundo de Changwon (Coreia do Sul), marcada de\u00a022 de maio\u00a0a 1\u00ba de junho (19 vagas).<\/p>\n<p>As modalidades com mais defini\u00e7\u00f5es para 2024 s\u00e3o, tamb\u00e9m, as que mais distribuem medalhas na Paralimp\u00edada. O Mundial de atletismo &#8211; que, coincidentemente, ser\u00e1 em Paris, de 8 a\u00a017 de julho\u00a0&#8211; decidir\u00e1 para quais NPCs v\u00e3o 652 de um total de 1.069 vagas paral\u00edmpicas. Os quatro melhores colocados das provas individuais asseguram lugar ao respectivo pa\u00eds\u00a0nos Jogos.<\/p>\n<p>J\u00e1 no Mundial de nata\u00e7\u00e3o, entre\u00a031 de julho\u00a0e\u00a06 de agosto, em Manchester (Gr\u00e3-Bretanha), os dois primeiros de cada disputa individual garantem lugar ao respectivo NPC em Paris. Ao todo, o evento definir\u00e1 o destino de 270 das 605 vagas da modalidade \u00e0 capital francesa.<\/p>\n<p>O Parapan ainda ser\u00e1 classificat\u00f3rio \u00e0 Paris em mais tr\u00eas modalidades. Garantem-se os pa\u00edses que forem ouro no rugby em cadeira de rodas e no goalball &#8211; o que, no caso brasileiro, interessa \u00e0 sele\u00e7\u00e3o feminina. Na bocha, ser\u00e3o sete vagas, distribu\u00eddas aos campe\u00f5es por equipes (classes BC1\/BC2) e pares (BC3 e BC4) em Santiago.<\/p>\n<p>Por fim, no v\u00f4lei sentado, a sele\u00e7\u00e3o masculina ter\u00e1 duas oportunidades, em 2023, para ir a Paris. Entre 9 e\u00a015 de maio, a equipe disputar\u00e1 o Campeonato Pan-Americano, em Edmonton (Canad\u00e1) e se classifica em caso de t\u00edtulo.\u00a0De 11 a\u00a018 de novembro, a Copa do Mundo\u00a0do Cairo (Egito), tamb\u00e9m d\u00e1 ao time campe\u00e3o um lugar nos Jogos.<\/p>\n<p>O calend\u00e1rio deste ano tamb\u00e9m\u00a0prev\u00ea outra edi\u00e7\u00e3o da Copa do Mundo por equipes de t\u00eanis em cadeira de rodas (1\u00ba a\u00a07 de maio) e Mundiais de basquete (9 a\u00a020 de junho), halterofilismo (20 a\u00a028 de junho), paraciclismo (3 a\u00a013 de agosto), paratriatlo (23 a\u00a024 de setembro) e esgrima (2 a\u00a08 de outubro). Embora n\u00e3o sejam classificat\u00f3rios \u00e0 Paris, participar dos eventos ser\u00e1 fundamental para os atletas cumprirem exig\u00eancias competitivas e somarem pontos nos respectivos rankings, podendo confirmar o passaporte paral\u00edmpico em 2024.<\/p>\n<p><span style=\"font-weight: 400;\"><br \/>\n<\/span><span style=\"font-weight: 400;\">Fonte: Ag\u00eancia Brasil <\/span><\/p>\n","protected":false},"excerpt":{"rendered":"<p>Em 2022, as sele\u00e7\u00f5es de v\u00f4lei sentado feminino e goalball masculino asseguraram ao Brasil as primeiras vagas \u00e0 Paralimp\u00edada do ano que vem. Nesta temporada, mais atletas e equipes do pa\u00eds tamb\u00e9m devem se garantir em Paris (Fran\u00e7a), via Campeonatos Mundiais ou Jogos Parapan-Americanos de Santiago (Chile), entre 17 a\u00a026 de novembro. A meta do [&hellip;]<\/p>\n","protected":false},"author":246,"featured_media":209247,"comment_status":"closed","ping_status":"closed","sticky":false,"template":"","format":"standard","meta":{"footnotes":""},"categories":[436,257,439],"tags":[],"class_list":["post-209246","post","type-post","status-publish","format-standard","has-post-thumbnail","hentry","category-destaque-da-semana","category-esporte","category-ultima-hora"],"_links":{"self":[{"href":"https:\/\/diarioregionaldigital.com.br\/index.php?rest_route=\/wp\/v2\/posts\/209246","targetHints":{"allow":["GET"]}}],"collection":[{"href":"https:\/\/diarioregionaldigital.com.br\/index.php?rest_route=\/wp\/v2\/posts"}],"about":[{"href":"https:\/\/diarioregionaldigital.com.br\/index.php?rest_route=\/wp\/v2\/types\/post"}],"author":[{"embeddable":true,"href":"https:\/\/diarioregionaldigital.com.br\/index.php?rest_route=\/wp\/v2\/users\/246"}],"replies":[{"embeddable":true,"href":"https:\/\/diarioregionaldigital.com.br\/index.php?rest_route=%2Fwp%2Fv2%2Fcomments&post=209246"}],"version-history":[{"count":1,"href":"https:\/\/diarioregionaldigital.com.br\/index.php?rest_route=\/wp\/v2\/posts\/209246\/revisions"}],"predecessor-version":[{"id":209248,"href":"https:\/\/diarioregionaldigital.com.br\/index.php?rest_route=\/wp\/v2\/posts\/209246\/revisions\/209248"}],"wp:featuredmedia":[{"embeddable":true,"href":"https:\/\/diarioregionaldigital.com.br\/index.php?rest_route=\/wp\/v2\/media\/209247"}],"wp:attachment":[{"href":"https:\/\/diarioregionaldigital.com.br\/index.php?rest_route=%2Fwp%2Fv2%2Fmedia&parent=209246"}],"wp:term":[{"taxonomy":"category","embeddable":true,"href":"https:\/\/diarioregionaldigital.com.br\/index.php?rest_route=%2Fwp%2Fv2%2Fcategories&post=209246"},{"taxonomy":"post_tag","embeddable":true,"href":"https:\/\/diarioregionaldigital.com.br\/index.php?rest_route=%2Fwp%2Fv2%2Ftags&post=209246"}],"curies":[{"name":"wp","href":"https:\/\/api.w.org\/{rel}","templated":true}]}}