{"id":209231,"date":"2023-01-18T17:02:22","date_gmt":"2023-01-18T20:02:22","guid":{"rendered":"https:\/\/diarioregionaldigital.com.br\/?p=209231"},"modified":"2023-01-18T17:02:22","modified_gmt":"2023-01-18T20:02:22","slug":"oab-pede-informacoes-ao-stf-sobre-processos-de-presos-em-atos","status":"publish","type":"post","link":"https:\/\/diarioregionaldigital.com.br\/?p=209231","title":{"rendered":"OAB pede informa\u00e7\u00f5es ao STF sobre processos de presos em atos"},"content":{"rendered":"<p>A seccional da Ordem dos Advogados do Brasil (OAB) no Distrito Federal pediu\u00a0hoje\u00a0(17) ao ministro Alexandre de Moraes, do Supremo Tribunal Federal (STF), informa\u00e7\u00f5es sobre os processos de presos nos\u00a0<a href=\"https:\/\/agenciabrasil.ebc.com.br\/tags\/atos-antidemocraticos\" target=\"_blank\" rel=\"noopener\">atos antidemocr\u00e1ticos<\/a>\u00a0de\u00a08 de janeiro.\u00a0<img decoding=\"async\" src=\"https:\/\/agenciabrasil.ebc.com.br\/ebc.png?id=1504850&amp;o=node\" \/><img decoding=\"async\" src=\"https:\/\/agenciabrasil.ebc.com.br\/ebc.gif?id=1504850&amp;o=node\" \/><\/p>\n<p>O of\u00edcio foi enviado ao ministro ap\u00f3s a ordem receber questionamentos de advogados que est\u00e3o com dificuldade para acessar os processos.<\/p>\n<p>A entidade pediu informa\u00e7\u00f5es sobre o acesso ao sistema de processos eletr\u00f4nicos, dados de identifica\u00e7\u00e3o dos processos e de previs\u00e3o para julgamento dos pedidos de liberdade.<\/p>\n<p>\u201cTendo em vista que as audi\u00eancias de cust\u00f3dia, segundo relatos, se findaram e o sistema carcer\u00e1rio do Distrito Federal est\u00e1 notoriamente superlotado, o que acarreta uma s\u00e9rie de problemas relacionados a direitos humanos b\u00e1sicos, inclusive presos sem tratamento m\u00e9dico m\u00ednimo para situa\u00e7\u00f5es an\u00f4malas\u201d, argumentou a ordem.<\/p>\n<p>Ap\u00f3s as pris\u00f5es, Alexandre de Moraes delegou as audi\u00eancias para ju\u00edzes federais e do Tribunal de Justi\u00e7a do DF. As informa\u00e7\u00f5es sobre os\u00a0presos s\u00e3o centralizadas no Conselho Nacional de Justi\u00e7a (CNJ) e remetidas ao ministro, a quem cabe decidir sobre a manuten\u00e7\u00e3o das pris\u00f5es.<\/p>\n<p>Conforme o \u00faltimo levantamento divulgado pelo conselho,\u00a0<a href=\"https:\/\/agenciabrasil.ebc.com.br\/justica\/noticia\/2023-01\/cnj-14-mil-pessoas-estao-presas-por-ataques-em-brasilia\" target=\"_blank\" rel=\"noopener\">1.418 pessoas<\/a>\u00a0foram presas pelos atos terroristas realizados em Bras\u00edlia.<\/p>\n<p>Por quest\u00f5es humanit\u00e1rias,<a href=\"https:\/\/agenciabrasil.ebc.com.br\/politica\/noticia\/2023-01\/pf-libera-idosos-e-maes-com-criancas-detidos-em-atos-golpistas\" target=\"_blank\" rel=\"noopener\">\u00a0599 pessoas foram liberadas<\/a>\u00a0sem a necessidade de prestarem depoimento, entre elas, idosos, pessoas em situa\u00e7\u00e3o de rua, com problemas de sa\u00fade e m\u00e3es acompanhadas de crian\u00e7as.<\/p>\n<h2>Ataques<\/h2>\n<p>Desde que o presidente Luiz\u00a0In\u00e1cio Lula da Silva foi eleito em segundo turno, no final de outubro, apoiadores do ex-presidente Jair Bolsonaro demonstram inconformismo com o resultado do pleito e pedem um golpe militar no pa\u00eds, para depor o governo eleito democraticamente. As manifesta\u00e7\u00f5es dos \u00faltimos meses inclu\u00edram acampamentos em diversos quart\u00e9is generais do pa\u00eds e culminaram com a invas\u00e3o e depreda\u00e7\u00e3o das sedes dos Tr\u00eas Poderes, em Bras\u00edlia, no dia 8 de janeiro.<\/p>\n<p><span style=\"font-weight: 400;\">Fonte: Ag\u00eancia Brasil\u00a0<\/span><span style=\"font-weight: 400;\"><br \/>\n<\/span><\/p>\n","protected":false},"excerpt":{"rendered":"<p>A seccional da Ordem dos Advogados do Brasil (OAB) no Distrito Federal pediu\u00a0hoje\u00a0(17) ao ministro Alexandre de Moraes, do Supremo Tribunal Federal (STF), informa\u00e7\u00f5es sobre os processos de presos nos\u00a0atos antidemocr\u00e1ticos\u00a0de\u00a08 de janeiro.\u00a0 O of\u00edcio foi enviado ao ministro ap\u00f3s a ordem receber questionamentos de advogados que est\u00e3o com dificuldade para acessar os processos. A [&hellip;]<\/p>\n","protected":false},"author":246,"featured_media":209232,"comment_status":"closed","ping_status":"closed","sticky":false,"template":"","format":"standard","meta":{"footnotes":""},"categories":[436,254,439],"tags":[],"class_list":["post-209231","post","type-post","status-publish","format-standard","has-post-thumbnail","hentry","category-destaque-da-semana","category-politica","category-ultima-hora"],"_links":{"self":[{"href":"https:\/\/diarioregionaldigital.com.br\/index.php?rest_route=\/wp\/v2\/posts\/209231","targetHints":{"allow":["GET"]}}],"collection":[{"href":"https:\/\/diarioregionaldigital.com.br\/index.php?rest_route=\/wp\/v2\/posts"}],"about":[{"href":"https:\/\/diarioregionaldigital.com.br\/index.php?rest_route=\/wp\/v2\/types\/post"}],"author":[{"embeddable":true,"href":"https:\/\/diarioregionaldigital.com.br\/index.php?rest_route=\/wp\/v2\/users\/246"}],"replies":[{"embeddable":true,"href":"https:\/\/diarioregionaldigital.com.br\/index.php?rest_route=%2Fwp%2Fv2%2Fcomments&post=209231"}],"version-history":[{"count":1,"href":"https:\/\/diarioregionaldigital.com.br\/index.php?rest_route=\/wp\/v2\/posts\/209231\/revisions"}],"predecessor-version":[{"id":209233,"href":"https:\/\/diarioregionaldigital.com.br\/index.php?rest_route=\/wp\/v2\/posts\/209231\/revisions\/209233"}],"wp:featuredmedia":[{"embeddable":true,"href":"https:\/\/diarioregionaldigital.com.br\/index.php?rest_route=\/wp\/v2\/media\/209232"}],"wp:attachment":[{"href":"https:\/\/diarioregionaldigital.com.br\/index.php?rest_route=%2Fwp%2Fv2%2Fmedia&parent=209231"}],"wp:term":[{"taxonomy":"category","embeddable":true,"href":"https:\/\/diarioregionaldigital.com.br\/index.php?rest_route=%2Fwp%2Fv2%2Fcategories&post=209231"},{"taxonomy":"post_tag","embeddable":true,"href":"https:\/\/diarioregionaldigital.com.br\/index.php?rest_route=%2Fwp%2Fv2%2Ftags&post=209231"}],"curies":[{"name":"wp","href":"https:\/\/api.w.org\/{rel}","templated":true}]}}