{"id":209221,"date":"2023-01-18T16:55:13","date_gmt":"2023-01-18T19:55:13","guid":{"rendered":"https:\/\/diarioregionaldigital.com.br\/?p=209221"},"modified":"2023-01-18T16:55:13","modified_gmt":"2023-01-18T19:55:13","slug":"comercializacao-de-petroleo-arrecadara-r-210-milhoes-para-o-tesouro","status":"publish","type":"post","link":"https:\/\/diarioregionaldigital.com.br\/?p=209221","title":{"rendered":"Comercializa\u00e7\u00e3o de petr\u00f3leo arrecadar\u00e1 R$ 210 milh\u00f5es para o Tesouro"},"content":{"rendered":"<p>O leil\u00e3o de comercializa\u00e7\u00e3o da primeira carga de petr\u00f3leo produzido a partir do Campo de Atapu, na Bacia de Santos, resultar\u00e1 em uma arrecada\u00e7\u00e3o de R$ 210 milh\u00f5es para o Tesouro Nacional.<img decoding=\"async\" src=\"https:\/\/agenciabrasil.ebc.com.br\/ebc.png?id=1504869&amp;o=node\" \/><img decoding=\"async\" src=\"https:\/\/agenciabrasil.ebc.com.br\/ebc.gif?id=1504869&amp;o=node\" \/><\/p>\n<p>O valor corresponde ao carregamento de 500 mil barris que ser\u00e3o disponibilizados no segundo bimestre deste ano, conforme previsto no contrato de partilha de produ\u00e7\u00e3o deste campo localizado no pr\u00e9-sal. A empresa que venceu o leil\u00e3o para extra\u00e7\u00e3o de petr\u00f3leo a partir dessa \u00e1rea foi a Galp Energia Brasil, ap\u00f3s oferecer o maior pre\u00e7o para o petr\u00f3leo da Uni\u00e3o.<\/p>\n<p>Os recursos a serem arrecadados com a primeira carga produzida em Atapu foram definidos nesta ter\u00e7a-feira (17) em leil\u00e3o promovido pelo Minist\u00e9rio de Minas e Energia, por meio da Pr\u00e9-Sal Petr\u00f3leo SA (PPSA). Foram convidadas dez empresas para participar do certame. Quatro delas foram habilitadas e puderam apresentar propostas.<\/p>\n<h2>Recursos<\/h2>\n<p>Em nota, o ministro de Minas e Energia, Alexandre Silveira, informou que vai discutir com o presidente Luiz In\u00e1cio Lula da Silva alternativas para melhor destina\u00e7\u00e3o dos recursos produzidos pelo regime de partilha de produ\u00e7\u00e3o do pr\u00e9-sal.<\/p>\n<p>\u201cEsses recursos, de grande vulto, s\u00e3o estrat\u00e9gicos para o Brasil. Precisamos realizar de fato uma melhor partilha dessa riqueza, tanto para as gera\u00e7\u00f5es presentes como as futuras, gerando oportunidades e melhorando a qualidade de vida das brasileiras e dos brasileiros\u201d, afirmou o ministro.<\/p>\n<p><a href=\"http:\/\/agenciabrasil.ebc.com.br\/economia\/noticia\/2021-12\/leilao-da-segunda-rodada-de-cessao-onerosa-arrecada-r-11-bilhoes\" target=\"_blank\" rel=\"noopener\">A Segunda Rodada de Licita\u00e7\u00f5es dos Volumes Excedentes da Cess\u00e3o Onerosa\u00a0<\/a>do pr\u00e9-sal, no regime de partilha da produ\u00e7\u00e3o, resultou em uma arrecada\u00e7\u00e3o de R$ 11,140 bilh\u00f5es em b\u00f4nus de assinatura.<\/p>\n<p><span style=\"font-weight: 400;\">Fonte: Ag\u00eancia Brasil <\/span><\/p>\n","protected":false},"excerpt":{"rendered":"<p>O leil\u00e3o de comercializa\u00e7\u00e3o da primeira carga de petr\u00f3leo produzido a partir do Campo de Atapu, na Bacia de Santos, resultar\u00e1 em uma arrecada\u00e7\u00e3o de R$ 210 milh\u00f5es para o Tesouro Nacional. O valor corresponde ao carregamento de 500 mil barris que ser\u00e3o disponibilizados no segundo bimestre deste ano, conforme previsto no contrato de partilha [&hellip;]<\/p>\n","protected":false},"author":246,"featured_media":209222,"comment_status":"closed","ping_status":"closed","sticky":false,"template":"","format":"standard","meta":{"footnotes":""},"categories":[436,261,439],"tags":[],"class_list":["post-209221","post","type-post","status-publish","format-standard","has-post-thumbnail","hentry","category-destaque-da-semana","category-economia","category-ultima-hora"],"_links":{"self":[{"href":"https:\/\/diarioregionaldigital.com.br\/index.php?rest_route=\/wp\/v2\/posts\/209221","targetHints":{"allow":["GET"]}}],"collection":[{"href":"https:\/\/diarioregionaldigital.com.br\/index.php?rest_route=\/wp\/v2\/posts"}],"about":[{"href":"https:\/\/diarioregionaldigital.com.br\/index.php?rest_route=\/wp\/v2\/types\/post"}],"author":[{"embeddable":true,"href":"https:\/\/diarioregionaldigital.com.br\/index.php?rest_route=\/wp\/v2\/users\/246"}],"replies":[{"embeddable":true,"href":"https:\/\/diarioregionaldigital.com.br\/index.php?rest_route=%2Fwp%2Fv2%2Fcomments&post=209221"}],"version-history":[{"count":1,"href":"https:\/\/diarioregionaldigital.com.br\/index.php?rest_route=\/wp\/v2\/posts\/209221\/revisions"}],"predecessor-version":[{"id":209223,"href":"https:\/\/diarioregionaldigital.com.br\/index.php?rest_route=\/wp\/v2\/posts\/209221\/revisions\/209223"}],"wp:featuredmedia":[{"embeddable":true,"href":"https:\/\/diarioregionaldigital.com.br\/index.php?rest_route=\/wp\/v2\/media\/209222"}],"wp:attachment":[{"href":"https:\/\/diarioregionaldigital.com.br\/index.php?rest_route=%2Fwp%2Fv2%2Fmedia&parent=209221"}],"wp:term":[{"taxonomy":"category","embeddable":true,"href":"https:\/\/diarioregionaldigital.com.br\/index.php?rest_route=%2Fwp%2Fv2%2Fcategories&post=209221"},{"taxonomy":"post_tag","embeddable":true,"href":"https:\/\/diarioregionaldigital.com.br\/index.php?rest_route=%2Fwp%2Fv2%2Ftags&post=209221"}],"curies":[{"name":"wp","href":"https:\/\/api.w.org\/{rel}","templated":true}]}}