{"id":209218,"date":"2023-01-18T16:53:41","date_gmt":"2023-01-18T19:53:41","guid":{"rendered":"https:\/\/diarioregionaldigital.com.br\/?p=209218"},"modified":"2023-01-18T16:53:41","modified_gmt":"2023-01-18T19:53:41","slug":"receita-eleva-para-r-15-milhoes-valor-para-aplicar-recurso-automatico","status":"publish","type":"post","link":"https:\/\/diarioregionaldigital.com.br\/?p=209218","title":{"rendered":"Receita eleva para R$ 15 milh\u00f5es valor para aplicar recurso autom\u00e1tico"},"content":{"rendered":"<p>O Minist\u00e9rio da Fazenda aumentou o valor m\u00ednimo para a apresenta\u00e7\u00e3o de recurso de of\u00edcio pelas turmas de julgamento das delegacias regionais de Julgamento da Receita Federal. A partir de 1\u00ba de fevereiro, os presidentes das turmas recorrer\u00e3o apenas quando os valores em tributos e multas a pagar ultrapassarem R$ 15 milh\u00f5es. Hoje, o piso \u00e9 de R$ 2,5 milh\u00f5es.<img decoding=\"async\" src=\"https:\/\/agenciabrasil.ebc.com.br\/ebc.png?id=1504881&amp;o=node\" \/><img decoding=\"async\" src=\"https:\/\/agenciabrasil.ebc.com.br\/ebc.gif?id=1504881&amp;o=node\" \/><\/p>\n<p>A portaria foi publicada nesta quarta-feira no\u00a0<a href=\"https:\/\/www.in.gov.br\/web\/dou\/-\/portaria-mf-n-2-de-17-de-janeiro-de-2023-458695956\" target=\"_blank\" rel=\"noopener\"><em>Di\u00e1rio Oficial da Uni\u00e3o<\/em><\/a>.<\/p>\n<p>O recurso de of\u00edcio \u00e9 o pedido de revis\u00e3o autom\u00e1tica apresentado ao Conselho Administrativo de Recursos Fiscais (Carf). Assim, quando o contribuinte vencer em primeira inst\u00e2ncia, a Receita Federal deixar\u00e1 de recorrer, encerrando o lit\u00edgio. Se o valor a pagar em tributos e multas ultrapassar o valor m\u00ednimo, a Receita deve recorrer.<\/p>\n<p>A mudan\u00e7a publicada nesta quarta-feira tamb\u00e9m se aplica aos casos em que o contribuinte \u00e9 exclu\u00eddo do processo por ilegitimidade passiva, ainda que seja mantida a exig\u00eancia do pagamento total do cr\u00e9dito tribut\u00e1rio. Assim, caso a Receita entenda que deva recorrer ao Carf, \u00e9 preciso apresentar um recurso volunt\u00e1rio.<\/p>\n<h2>Lit\u00edgio Zero<\/h2>\n<p>A medida faz parte do Programa de Redu\u00e7\u00e3o de Litigiosidade Fiscal, tamb\u00e9m chamado de\u00a0<a href=\"http:\/\/agenciabrasil.ebc.com.br\/economia\/noticia\/2023-01\/haddad-anuncia-pacote-de-r-2427-bi-para-melhorar-contas-publicas\" target=\"_blank\" rel=\"noopener\">Programa Lit\u00edgio Zero<\/a>, e foi anunciada no \u00faltimo dia 12. De acordo com o Minist\u00e9rio da Fazenda, a medida extinguir\u00e1 quase mil processos no Carf, no valor total de R$ 6 bilh\u00f5es, e ajudar\u00e1 a desafogar o \u00f3rg\u00e3o para o julgamento de grandes d\u00edvidas.<\/p>\n<p>O programa tamb\u00e9m prev\u00ea a renegocia\u00e7\u00e3o em condi\u00e7\u00f5es especiais de d\u00edvidas com a Uni\u00e3o. As ades\u00f5es ficar\u00e3o abertas entre 8h do dia 1\u00ba de fevereiro e 19h do dia 31 de mar\u00e7o de 2023.<\/p>\n<p>As pessoas f\u00edsicas e micro e pequenas empresas com d\u00edvidas abaixo de 60 sal\u00e1rios m\u00ednimos poder\u00e3o obter descontos de 40% a 50% sobre o valor total do d\u00e9bito, com prazo de at\u00e9 12 meses para pagar. Empresas com d\u00edvidas acima de 60 sal\u00e1rios m\u00ednimos ter\u00e3o desconto de at\u00e9 100% sobre o valor de juros e multas e poder\u00e3o utilizar Preju\u00edzo Fiscais e Base de C\u00e1lculo Negativa de Contribui\u00e7\u00e3o Social sobre o Lucro L\u00edquido (CSLL) para abater as d\u00edvidas.<\/p>\n<p><span style=\"font-weight: 400;\">Fonte: Ag\u00eancia Brasil <\/span><\/p>\n","protected":false},"excerpt":{"rendered":"<p>O Minist\u00e9rio da Fazenda aumentou o valor m\u00ednimo para a apresenta\u00e7\u00e3o de recurso de of\u00edcio pelas turmas de julgamento das delegacias regionais de Julgamento da Receita Federal. A partir de 1\u00ba de fevereiro, os presidentes das turmas recorrer\u00e3o apenas quando os valores em tributos e multas a pagar ultrapassarem R$ 15 milh\u00f5es. Hoje, o piso [&hellip;]<\/p>\n","protected":false},"author":246,"featured_media":209219,"comment_status":"closed","ping_status":"closed","sticky":false,"template":"","format":"standard","meta":{"footnotes":""},"categories":[436,261,439],"tags":[],"class_list":["post-209218","post","type-post","status-publish","format-standard","has-post-thumbnail","hentry","category-destaque-da-semana","category-economia","category-ultima-hora"],"_links":{"self":[{"href":"https:\/\/diarioregionaldigital.com.br\/index.php?rest_route=\/wp\/v2\/posts\/209218","targetHints":{"allow":["GET"]}}],"collection":[{"href":"https:\/\/diarioregionaldigital.com.br\/index.php?rest_route=\/wp\/v2\/posts"}],"about":[{"href":"https:\/\/diarioregionaldigital.com.br\/index.php?rest_route=\/wp\/v2\/types\/post"}],"author":[{"embeddable":true,"href":"https:\/\/diarioregionaldigital.com.br\/index.php?rest_route=\/wp\/v2\/users\/246"}],"replies":[{"embeddable":true,"href":"https:\/\/diarioregionaldigital.com.br\/index.php?rest_route=%2Fwp%2Fv2%2Fcomments&post=209218"}],"version-history":[{"count":1,"href":"https:\/\/diarioregionaldigital.com.br\/index.php?rest_route=\/wp\/v2\/posts\/209218\/revisions"}],"predecessor-version":[{"id":209220,"href":"https:\/\/diarioregionaldigital.com.br\/index.php?rest_route=\/wp\/v2\/posts\/209218\/revisions\/209220"}],"wp:featuredmedia":[{"embeddable":true,"href":"https:\/\/diarioregionaldigital.com.br\/index.php?rest_route=\/wp\/v2\/media\/209219"}],"wp:attachment":[{"href":"https:\/\/diarioregionaldigital.com.br\/index.php?rest_route=%2Fwp%2Fv2%2Fmedia&parent=209218"}],"wp:term":[{"taxonomy":"category","embeddable":true,"href":"https:\/\/diarioregionaldigital.com.br\/index.php?rest_route=%2Fwp%2Fv2%2Fcategories&post=209218"},{"taxonomy":"post_tag","embeddable":true,"href":"https:\/\/diarioregionaldigital.com.br\/index.php?rest_route=%2Fwp%2Fv2%2Ftags&post=209218"}],"curies":[{"name":"wp","href":"https:\/\/api.w.org\/{rel}","templated":true}]}}