{"id":209215,"date":"2023-01-18T16:51:54","date_gmt":"2023-01-18T19:51:54","guid":{"rendered":"https:\/\/diarioregionaldigital.com.br\/?p=209215"},"modified":"2023-01-18T16:51:54","modified_gmt":"2023-01-18T19:51:54","slug":"cni-faturamento-da-industria-de-transformacao-tem-alta-em-novembro","status":"publish","type":"post","link":"https:\/\/diarioregionaldigital.com.br\/?p=209215","title":{"rendered":"CNI: faturamento da ind\u00fastria de transforma\u00e7\u00e3o tem alta em novembro"},"content":{"rendered":"<p>O faturamento real da ind\u00fastria de transforma\u00e7\u00e3o apresentou alta de 1,4% no m\u00eas de novembro em rela\u00e7\u00e3o a outubro do ano passado, informou hoje (18) a Confedera\u00e7\u00e3o Nacional da Ind\u00fastria (CNI). Com o resultado do m\u00eas, o faturamento acumula o segundo m\u00eas consecutivo de crescimento.<img decoding=\"async\" src=\"https:\/\/agenciabrasil.ebc.com.br\/ebc.png?id=1504920&amp;o=node\" \/><img decoding=\"async\" src=\"https:\/\/agenciabrasil.ebc.com.br\/ebc.gif?id=1504920&amp;o=node\" \/><\/p>\n<p>Na compara\u00e7\u00e3o com novembro de 2021, o faturamento teve crescimento de 9,9%. Os n\u00fameros se referem \u00e0 s\u00e9rie dessazonalizada, que exclui os efeitos das varia\u00e7\u00f5es sazonais do conjunto de dados.<\/p>\n<p>Os dados constam da publica\u00e7\u00e3o\u00a0<em>Indicadores Industriais<\/em>, produzida pela\u00a0CNI. Al\u00e9m do faturamento na ind\u00fastria de transforma\u00e7\u00e3o, tamb\u00e9m apresentaram ligeira alta em novembro, na compara\u00e7\u00e3o com outubro, os \u00edndices de massa salarial real da ind\u00fastria de transforma\u00e7\u00e3o e de rendimento m\u00e9dio real dos trabalhadores.<\/p>\n<p>Em rela\u00e7\u00e3o \u00e0 massa salarial, houve crescimento de 1%, o que reverteu a queda de 0,5% no m\u00eas anterior. Na compara\u00e7\u00e3o com novembro de 2021, o crescimento da massa salarial foi de 6,8%.<\/p>\n<p>J\u00e1 o rendimento m\u00e9dio real dos trabalhadores da ind\u00fastria tamb\u00e9m avan\u00e7ou 1% em novembro de 2022, na compara\u00e7\u00e3o com outubro, na s\u00e9rie livre de efeitos sazonais. Com isso, o rendimento reverte a queda do m\u00eas anterior e atinge o ponto mais alto desde agosto de 2020, em uma tend\u00eancia de alta nos \u00faltimos 12 meses. Na compara\u00e7\u00e3o com novembro de 2021, o rendimento apresenta avan\u00e7o de 6%.<\/p>\n<h2>Estabilidade<\/h2>\n<p>Os demais \u00edndices medidos pelo levantamento da CNI\u00a0se mantiveram praticamente est\u00e1veis em novembro. S\u00e3o eles o \u00edndice de horas trabalhadas na produ\u00e7\u00e3o, de emprego industrial e de utiliza\u00e7\u00e3o da capacidade instalada.<\/p>\n<p>No caso das horas trabalhadas, o estudo apontou que se mantiveram praticamente est\u00e1veis em novembro de 2022, na compara\u00e7\u00e3o com outubro, ao registrar alta de 0,1% na s\u00e9rie livre de efeitos sazonais.<\/p>\n<p>\u201cVale destacar que, em setembro de 2022, o \u00edndice interrompeu a tend\u00eancia de crescimento que se apresentava desde meados de 2021. Na compara\u00e7\u00e3o com novembro de 2021, h\u00e1 crescimento de 1,3%\u201d, diz a publica\u00e7\u00e3o.<\/p>\n<p>Em rela\u00e7\u00e3o ao emprego industrial, a varia\u00e7\u00e3o tamb\u00e9m foi de 0,1% em novembro, na compara\u00e7\u00e3o com o m\u00eas anterior. Para a CNI, o comportamento recente refor\u00e7a a acomoda\u00e7\u00e3o do ritmo de crescimento do emprego, que registrou sucessivas altas entre o segundo semestre de 2020 e o segundo semestre de 2022. Na compara\u00e7\u00e3o com novembro de 2021, a alta foi de 0,8%.<\/p>\n<p>A utiliza\u00e7\u00e3o da capacidade instalada (UCI) da ind\u00fastria mostrou igual desempenho no mesmo per\u00edodo, com varia\u00e7\u00e3o de 0,1 ponto percentual (p.p.), na compara\u00e7\u00e3o com outubro, ficando em 80,3%, na s\u00e9rie livre de efeitos sazonais.<\/p>\n<p>\u201cO avan\u00e7o acontece ap\u00f3s uma leve tend\u00eancia de queda que se verifica desde o fim de 2021. Apesar dessa tend\u00eancia da UCI, o indicador se encontra acima dos 80% desde mar\u00e7o de 2021. Na compara\u00e7\u00e3o com novembro de 2021, o indicador apresenta recuo de 1,0 p.p.\u201d, disse a CNI.<\/p>\n<p><span style=\"font-weight: 400;\">Fonte: Ag\u00eancia Brasil <\/span><\/p>\n","protected":false},"excerpt":{"rendered":"<p>O faturamento real da ind\u00fastria de transforma\u00e7\u00e3o apresentou alta de 1,4% no m\u00eas de novembro em rela\u00e7\u00e3o a outubro do ano passado, informou hoje (18) a Confedera\u00e7\u00e3o Nacional da Ind\u00fastria (CNI). Com o resultado do m\u00eas, o faturamento acumula o segundo m\u00eas consecutivo de crescimento. Na compara\u00e7\u00e3o com novembro de 2021, o faturamento teve crescimento [&hellip;]<\/p>\n","protected":false},"author":246,"featured_media":209216,"comment_status":"closed","ping_status":"closed","sticky":false,"template":"","format":"standard","meta":{"footnotes":""},"categories":[436,261,439],"tags":[],"class_list":["post-209215","post","type-post","status-publish","format-standard","has-post-thumbnail","hentry","category-destaque-da-semana","category-economia","category-ultima-hora"],"_links":{"self":[{"href":"https:\/\/diarioregionaldigital.com.br\/index.php?rest_route=\/wp\/v2\/posts\/209215","targetHints":{"allow":["GET"]}}],"collection":[{"href":"https:\/\/diarioregionaldigital.com.br\/index.php?rest_route=\/wp\/v2\/posts"}],"about":[{"href":"https:\/\/diarioregionaldigital.com.br\/index.php?rest_route=\/wp\/v2\/types\/post"}],"author":[{"embeddable":true,"href":"https:\/\/diarioregionaldigital.com.br\/index.php?rest_route=\/wp\/v2\/users\/246"}],"replies":[{"embeddable":true,"href":"https:\/\/diarioregionaldigital.com.br\/index.php?rest_route=%2Fwp%2Fv2%2Fcomments&post=209215"}],"version-history":[{"count":1,"href":"https:\/\/diarioregionaldigital.com.br\/index.php?rest_route=\/wp\/v2\/posts\/209215\/revisions"}],"predecessor-version":[{"id":209217,"href":"https:\/\/diarioregionaldigital.com.br\/index.php?rest_route=\/wp\/v2\/posts\/209215\/revisions\/209217"}],"wp:featuredmedia":[{"embeddable":true,"href":"https:\/\/diarioregionaldigital.com.br\/index.php?rest_route=\/wp\/v2\/media\/209216"}],"wp:attachment":[{"href":"https:\/\/diarioregionaldigital.com.br\/index.php?rest_route=%2Fwp%2Fv2%2Fmedia&parent=209215"}],"wp:term":[{"taxonomy":"category","embeddable":true,"href":"https:\/\/diarioregionaldigital.com.br\/index.php?rest_route=%2Fwp%2Fv2%2Fcategories&post=209215"},{"taxonomy":"post_tag","embeddable":true,"href":"https:\/\/diarioregionaldigital.com.br\/index.php?rest_route=%2Fwp%2Fv2%2Ftags&post=209215"}],"curies":[{"name":"wp","href":"https:\/\/api.w.org\/{rel}","templated":true}]}}