{"id":209190,"date":"2023-01-17T18:10:25","date_gmt":"2023-01-17T21:10:25","guid":{"rendered":"https:\/\/diarioregionaldigital.com.br\/?p=209190"},"modified":"2023-01-17T18:10:25","modified_gmt":"2023-01-17T21:10:25","slug":"os-grandes-duelos-do-futebol-brasileiro-em-2023","status":"publish","type":"post","link":"https:\/\/diarioregionaldigital.com.br\/?p=209190","title":{"rendered":"Os grandes duelos do futebol brasileiro em 2023"},"content":{"rendered":"<p>A<a href=\"https:\/\/www.youtube.com\/watch?v=ubBn7_HgjOU\">\u00a0entrevista\u00a0<\/a>que o presidente do Flamengo, Rodolfo Landim, deu ao programa No Mundo da Bola, na\u00a0<strong>TV Brasil<\/strong>,\u00a0no \u00faltimo\u00a0<span id=\"OBJ_PREFIX_DWT107_com_zimbra_date\" role=\"link\"><span id=\"OBJ_PREFIX_DWT113_com_zimbra_date\" role=\"link\">domingo<\/span><\/span>\u00a0(15) sinalizou o que veremos na temporada de 2023. A aten\u00e7\u00e3o dos clubes vai se voltar para os desafios nacionais e continentais, deixando de lado a rivalidade regional, que at\u00e9 ent\u00e3o tem alimentado a paix\u00e3o do torcedor.<img decoding=\"async\" src=\"https:\/\/agenciabrasil.ebc.com.br\/ebc.png?id=1504733&amp;o=node\" \/><img decoding=\"async\" src=\"https:\/\/agenciabrasil.ebc.com.br\/ebc.gif?id=1504733&amp;o=node\" \/><\/p>\n<p>Cl\u00e1ssico dos Milh\u00f5es, Majestoso, Supercl\u00e1ssico Mineiro, Ba-Vi, Gre-Nal, Fla-Flu. Todos esses apelidos se referem a jogos de equipes do mesmo estado, e foram eles que sedimentaram, ao longo do tempo, a paix\u00e3o das torcidas. Alguns deles ainda acontecem em n\u00edvel nacional, mas com o sobe-e-desce do Brasileir\u00e3o, perderam a assiduidade anual. E n\u00e3o h\u00e1 como negar que os eventuais rebaixamentos, com as consequentes quedas de receita provocadas &#8211; tamb\u00e9m\u00a0por administra\u00e7\u00f5es ruins &#8211; reduziram o interesse em alguns jogos.<\/p>\n<p>De certa forma, foi o que disse Landim \u00e0\u00a0<strong>TV Brasil<\/strong>. Para ele, o Palmeiras ser\u00e1 o maior advers\u00e1rio do Flamengo em 2023, como j\u00e1 tem sido nos \u00faltimos anos. Haja vista as conquistas nacionais e continentais que as duas equipes t\u00eam dividido. Num recorte dos \u00faltimos cinco anos:\u00a0de 2018 a 2022, Flamengo e Palmeiras ganharam, cada um, duas Copas Libertadores, dois Brasileir\u00f5es e uma Copa do Brasil, ou seja, dos 15 principais t\u00edtulos em disputa, dez ficaram com a dupla. O Flamengo ainda somou duas Supercopas e uma Recopa, ta\u00e7a que o Palmeiras tamb\u00e9m conquistou.<\/p>\n<p>E quem pode amea\u00e7ar essa dupla? Se olharmos a temporada passada, podemos pensar de imediato no Fluminense, campe\u00e3o carioca e que brigou pelas principais posi\u00e7\u00f5es no Brasileir\u00e3o. O Tricolor manteve a base, ganhou refor\u00e7os e segue com Fernando Diniz. Entra forte na briga. Incluo, tamb\u00e9m, Internacional, Atl\u00e9tico-MG, Athletico-PR e\u00a0\u00a0Corinthians.\u00a0Landim tamb\u00e9m lembrou dos clubes que voltaram para a s\u00e9rie A, e de outros que j\u00e1 aderiram ao processo das SAF\u2019s, em especial Vasco, Gr\u00eamio, Botafogo e Bahia.<\/p>\n<p>Como se v\u00ea, o espectro \u00e9 grande. Os Estaduais j\u00e1 est\u00e3o rolando, com algumas equipes usando reservas, Sub-20, aproveitando para treinar e fazer testes. Evidente que os cl\u00e1ssicos v\u00e3o chamar a aten\u00e7\u00e3o, mas j\u00e1 \u00e9 sabido que o t\u00edtulo estadual n\u00e3o \u00e9 refer\u00eancia para as demais competi\u00e7\u00f5es. Em fevereiro come\u00e7a a Copa do Brasil, depois v\u00eam Libertadores, Sul-Americana, Brasileir\u00e3o..<\/p>\n<p>Aguardemos para ver que rivalidade vai falar mais alto em 2023.<\/p>\n<p><span style=\"font-weight: 400;\"><br \/>\n<\/span><span style=\"font-weight: 400;\">Fonte: Ag\u00eancia Brasil <\/span><\/p>\n","protected":false},"excerpt":{"rendered":"<p>A\u00a0entrevista\u00a0que o presidente do Flamengo, Rodolfo Landim, deu ao programa No Mundo da Bola, na\u00a0TV Brasil,\u00a0no \u00faltimo\u00a0domingo\u00a0(15) sinalizou o que veremos na temporada de 2023. A aten\u00e7\u00e3o dos clubes vai se voltar para os desafios nacionais e continentais, deixando de lado a rivalidade regional, que at\u00e9 ent\u00e3o tem alimentado a paix\u00e3o do torcedor. Cl\u00e1ssico dos [&hellip;]<\/p>\n","protected":false},"author":246,"featured_media":209191,"comment_status":"closed","ping_status":"closed","sticky":false,"template":"","format":"standard","meta":{"footnotes":""},"categories":[436,257,439],"tags":[],"class_list":["post-209190","post","type-post","status-publish","format-standard","has-post-thumbnail","hentry","category-destaque-da-semana","category-esporte","category-ultima-hora"],"_links":{"self":[{"href":"https:\/\/diarioregionaldigital.com.br\/index.php?rest_route=\/wp\/v2\/posts\/209190","targetHints":{"allow":["GET"]}}],"collection":[{"href":"https:\/\/diarioregionaldigital.com.br\/index.php?rest_route=\/wp\/v2\/posts"}],"about":[{"href":"https:\/\/diarioregionaldigital.com.br\/index.php?rest_route=\/wp\/v2\/types\/post"}],"author":[{"embeddable":true,"href":"https:\/\/diarioregionaldigital.com.br\/index.php?rest_route=\/wp\/v2\/users\/246"}],"replies":[{"embeddable":true,"href":"https:\/\/diarioregionaldigital.com.br\/index.php?rest_route=%2Fwp%2Fv2%2Fcomments&post=209190"}],"version-history":[{"count":1,"href":"https:\/\/diarioregionaldigital.com.br\/index.php?rest_route=\/wp\/v2\/posts\/209190\/revisions"}],"predecessor-version":[{"id":209192,"href":"https:\/\/diarioregionaldigital.com.br\/index.php?rest_route=\/wp\/v2\/posts\/209190\/revisions\/209192"}],"wp:featuredmedia":[{"embeddable":true,"href":"https:\/\/diarioregionaldigital.com.br\/index.php?rest_route=\/wp\/v2\/media\/209191"}],"wp:attachment":[{"href":"https:\/\/diarioregionaldigital.com.br\/index.php?rest_route=%2Fwp%2Fv2%2Fmedia&parent=209190"}],"wp:term":[{"taxonomy":"category","embeddable":true,"href":"https:\/\/diarioregionaldigital.com.br\/index.php?rest_route=%2Fwp%2Fv2%2Fcategories&post=209190"},{"taxonomy":"post_tag","embeddable":true,"href":"https:\/\/diarioregionaldigital.com.br\/index.php?rest_route=%2Fwp%2Fv2%2Ftags&post=209190"}],"curies":[{"name":"wp","href":"https:\/\/api.w.org\/{rel}","templated":true}]}}