{"id":209145,"date":"2023-01-16T23:08:12","date_gmt":"2023-01-17T02:08:12","guid":{"rendered":"https:\/\/diarioregionaldigital.com.br\/?p=209145"},"modified":"2023-01-16T23:08:12","modified_gmt":"2023-01-17T02:08:12","slug":"bairro-santa-terezinha-recebe-mais-150-metros-de-redes-de-esgoto-remodeladas","status":"publish","type":"post","link":"https:\/\/diarioregionaldigital.com.br\/?p=209145","title":{"rendered":"Bairro Santa Terezinha recebe mais 150 metros de redes de esgoto remodeladas"},"content":{"rendered":"<p>Segundo informa\u00e7\u00f5es do site da Prefeitura de Juiz de Fora (PJF), nesta segunda-feira, 16, a Prefeitura de Juiz de Fora (PJF) segue com os trabalhos para refor\u00e7ar os servi\u00e7os de coleta de esgoto no bairro Santa Terezinha. Desta vez, a Rua Cabo Ferraz est\u00e1 recebendo mais 90 metros de novas redes, enquanto na Rua Santa Terezinha est\u00e3o sendo substitu\u00eddos outros 60 metros de tubula\u00e7\u00f5es, totalizando 150 metros. Est\u00e3o sendo implantados nas vias tubos de PVC, com 200 mil\u00edmetros de di\u00e2metro, que ir\u00e3o substituir antigas manilhas de barro, aumentando a vida \u00fatil do sistema e reduzindo a necessidade de manuten\u00e7\u00f5es.<\/p>\n<div id=\"box_texto_noticia\">\n<p>&nbsp;<\/p>\n<p>Para a execu\u00e7\u00e3o dos trabalhos, o tr\u00e2nsito est\u00e1 totalmente interditado na Rua Cabo Ferraz e parcialmente interditado na Rua Santa Terezinha, de segunda a sexta-feira, das 8h \u00e0s 17h. Assim, a Companhia de Saneamento Municipal (Cesama) pede aos moradores que, se poss\u00edvel, retirem seus ve\u00edculos da via antes do in\u00edcio dos servi\u00e7os. A previs\u00e3o \u00e9 de que as duas obras sejam finalizadas at\u00e9 o final deste m\u00eas.<br \/>\nA interven\u00e7\u00e3o \u00e9 parte de uma s\u00e9rie de a\u00e7\u00f5es que a Cesama vem realizando na comunidade. Desde 2021, a companhia j\u00e1 remodelou mais de 2.760 metros de redes de esgoto na regi\u00e3o, incluindo interven\u00e7\u00f5es nas ruas Cabo Ferraz, C\u00e9sar Luna, Coronel Almeida Novais, Geraldo Mostaro, Nossa Senhora de Nazar\u00e9, Ouro Preto, Primeiro de Maio, Santana e Santa Terezinha.<br \/>\nAs a\u00e7\u00f5es de remodela\u00e7\u00e3o de redes de esgoto s\u00e3o realizadas ao longo do ano, seguindo uma programa\u00e7\u00e3o de prioridades, quando \u00e9 avaliada a necessidade de troca da tubula\u00e7\u00e3o. A an\u00e1lise leva em conta a antiguidade e o desgaste do material, o fato de o dimensionamento da rede j\u00e1 n\u00e3o ser compat\u00edvel com o n\u00famero de im\u00f3veis atendidos e os transtornos causados aos usu\u00e1rios do sistema, al\u00e9m dos custos de manuten\u00e7\u00e3o.<br \/>\n<strong>Outras informa\u00e7\u00f5es:<\/strong><br \/>\n(32) 3692-9179 &#8211; Assessoria de Comunica\u00e7\u00e3o da Cesama<\/p>\n<\/div>\n<p>&nbsp;<\/p>\n<div id=\"box_compartilhar\" align=\"right\"><\/div>\n","protected":false},"excerpt":{"rendered":"<p>Segundo informa\u00e7\u00f5es do site da Prefeitura de Juiz de Fora (PJF), nesta segunda-feira, 16, a Prefeitura de Juiz de Fora (PJF) segue com os trabalhos para refor\u00e7ar os servi\u00e7os de coleta de esgoto no bairro Santa Terezinha. Desta vez, a Rua Cabo Ferraz est\u00e1 recebendo mais 90 metros de novas redes, enquanto na Rua Santa [&hellip;]<\/p>\n","protected":false},"author":246,"featured_media":209146,"comment_status":"closed","ping_status":"closed","sticky":false,"template":"","format":"standard","meta":{"footnotes":""},"categories":[253,436,439],"tags":[],"class_list":["post-209145","post","type-post","status-publish","format-standard","has-post-thumbnail","hentry","category-cidade","category-destaque-da-semana","category-ultima-hora"],"_links":{"self":[{"href":"https:\/\/diarioregionaldigital.com.br\/index.php?rest_route=\/wp\/v2\/posts\/209145","targetHints":{"allow":["GET"]}}],"collection":[{"href":"https:\/\/diarioregionaldigital.com.br\/index.php?rest_route=\/wp\/v2\/posts"}],"about":[{"href":"https:\/\/diarioregionaldigital.com.br\/index.php?rest_route=\/wp\/v2\/types\/post"}],"author":[{"embeddable":true,"href":"https:\/\/diarioregionaldigital.com.br\/index.php?rest_route=\/wp\/v2\/users\/246"}],"replies":[{"embeddable":true,"href":"https:\/\/diarioregionaldigital.com.br\/index.php?rest_route=%2Fwp%2Fv2%2Fcomments&post=209145"}],"version-history":[{"count":1,"href":"https:\/\/diarioregionaldigital.com.br\/index.php?rest_route=\/wp\/v2\/posts\/209145\/revisions"}],"predecessor-version":[{"id":209147,"href":"https:\/\/diarioregionaldigital.com.br\/index.php?rest_route=\/wp\/v2\/posts\/209145\/revisions\/209147"}],"wp:featuredmedia":[{"embeddable":true,"href":"https:\/\/diarioregionaldigital.com.br\/index.php?rest_route=\/wp\/v2\/media\/209146"}],"wp:attachment":[{"href":"https:\/\/diarioregionaldigital.com.br\/index.php?rest_route=%2Fwp%2Fv2%2Fmedia&parent=209145"}],"wp:term":[{"taxonomy":"category","embeddable":true,"href":"https:\/\/diarioregionaldigital.com.br\/index.php?rest_route=%2Fwp%2Fv2%2Fcategories&post=209145"},{"taxonomy":"post_tag","embeddable":true,"href":"https:\/\/diarioregionaldigital.com.br\/index.php?rest_route=%2Fwp%2Fv2%2Ftags&post=209145"}],"curies":[{"name":"wp","href":"https:\/\/api.w.org\/{rel}","templated":true}]}}