{"id":209133,"date":"2023-01-16T22:58:35","date_gmt":"2023-01-17T01:58:35","guid":{"rendered":"https:\/\/diarioregionaldigital.com.br\/?p=209133"},"modified":"2023-01-16T22:58:35","modified_gmt":"2023-01-17T01:58:35","slug":"piso-nacional-dos-professores-sobe-para-r-4-42055","status":"publish","type":"post","link":"https:\/\/diarioregionaldigital.com.br\/?p=209133","title":{"rendered":"Piso nacional dos professores sobe para R$ 4.420,55"},"content":{"rendered":"<p>O piso nacional dos professores subir\u00e1 para R$ 4.420,55 em 2023, um reajuste de 15% em rela\u00e7\u00e3o ao piso do ano passado, que era de R$ 3.845,63. A portaria com o novo valor foi assinada hoje (16) \u00e0 noite pelo ministro da Educa\u00e7\u00e3o, Camilo Santana.<img decoding=\"async\" src=\"https:\/\/agenciabrasil.ebc.com.br\/ebc.png?id=1504637&amp;o=node\" \/><img decoding=\"async\" src=\"https:\/\/agenciabrasil.ebc.com.br\/ebc.gif?id=1504637&amp;o=node\" \/><\/p>\n<p>&#8220;A valoriza\u00e7\u00e3o dos nossos profissionais da educa\u00e7\u00e3o \u00e9 fator determinante para o crescimento do nosso pa\u00eds&#8221;, escreveu o ministro, ao anunciar o novo valor nas redes sociais.<\/p>\n<p>O piso nacional do magist\u00e9rio representa o sal\u00e1rio inicial das carreiras do magist\u00e9rio p\u00fablico da educa\u00e7\u00e3o b\u00e1sica para a forma\u00e7\u00e3o em n\u00edvel m\u00e9dio. O valor considera uma jornada de 40 horas semanais na modalidade normal de ensino.<\/p>\n<p>A cada ano, o piso do magist\u00e9rio deve ser corrigido todos os anos pelo crescimento do valor anual m\u00ednimo por aluno referente aos anos iniciais do ensino fundamental urbano, estabelecido pelo Fundo de Manuten\u00e7\u00e3o e Desenvolvimento da Educa\u00e7\u00e3o B\u00e1sica (Fundeb). Para 2023, o Fundeb estabelecia o reajuste de 15% no valor.<\/p>\n<p><span style=\"font-weight: 400;\">Fonte: Ag\u00eancia Brasil<\/span><\/p>\n","protected":false},"excerpt":{"rendered":"<p>O piso nacional dos professores subir\u00e1 para R$ 4.420,55 em 2023, um reajuste de 15% em rela\u00e7\u00e3o ao piso do ano passado, que era de R$ 3.845,63. A portaria com o novo valor foi assinada hoje (16) \u00e0 noite pelo ministro da Educa\u00e7\u00e3o, Camilo Santana. &#8220;A valoriza\u00e7\u00e3o dos nossos profissionais da educa\u00e7\u00e3o \u00e9 fator determinante [&hellip;]<\/p>\n","protected":false},"author":246,"featured_media":209134,"comment_status":"closed","ping_status":"closed","sticky":false,"template":"","format":"standard","meta":{"footnotes":""},"categories":[436,254,439],"tags":[],"class_list":["post-209133","post","type-post","status-publish","format-standard","has-post-thumbnail","hentry","category-destaque-da-semana","category-politica","category-ultima-hora"],"_links":{"self":[{"href":"https:\/\/diarioregionaldigital.com.br\/index.php?rest_route=\/wp\/v2\/posts\/209133","targetHints":{"allow":["GET"]}}],"collection":[{"href":"https:\/\/diarioregionaldigital.com.br\/index.php?rest_route=\/wp\/v2\/posts"}],"about":[{"href":"https:\/\/diarioregionaldigital.com.br\/index.php?rest_route=\/wp\/v2\/types\/post"}],"author":[{"embeddable":true,"href":"https:\/\/diarioregionaldigital.com.br\/index.php?rest_route=\/wp\/v2\/users\/246"}],"replies":[{"embeddable":true,"href":"https:\/\/diarioregionaldigital.com.br\/index.php?rest_route=%2Fwp%2Fv2%2Fcomments&post=209133"}],"version-history":[{"count":1,"href":"https:\/\/diarioregionaldigital.com.br\/index.php?rest_route=\/wp\/v2\/posts\/209133\/revisions"}],"predecessor-version":[{"id":209135,"href":"https:\/\/diarioregionaldigital.com.br\/index.php?rest_route=\/wp\/v2\/posts\/209133\/revisions\/209135"}],"wp:featuredmedia":[{"embeddable":true,"href":"https:\/\/diarioregionaldigital.com.br\/index.php?rest_route=\/wp\/v2\/media\/209134"}],"wp:attachment":[{"href":"https:\/\/diarioregionaldigital.com.br\/index.php?rest_route=%2Fwp%2Fv2%2Fmedia&parent=209133"}],"wp:term":[{"taxonomy":"category","embeddable":true,"href":"https:\/\/diarioregionaldigital.com.br\/index.php?rest_route=%2Fwp%2Fv2%2Fcategories&post=209133"},{"taxonomy":"post_tag","embeddable":true,"href":"https:\/\/diarioregionaldigital.com.br\/index.php?rest_route=%2Fwp%2Fv2%2Ftags&post=209133"}],"curies":[{"name":"wp","href":"https:\/\/api.w.org\/{rel}","templated":true}]}}