{"id":209124,"date":"2023-01-16T22:07:25","date_gmt":"2023-01-17T01:07:25","guid":{"rendered":"https:\/\/diarioregionaldigital.com.br\/?p=209124"},"modified":"2023-01-16T22:07:25","modified_gmt":"2023-01-17T01:07:25","slug":"hugo-calderano-fatura-o-titulo-do-wtt-de-durban-na-africa-do-sul","status":"publish","type":"post","link":"https:\/\/diarioregionaldigital.com.br\/?p=209124","title":{"rendered":"Hugo Calderano fatura o t\u00edtulo do WTT de Durban, na \u00c1frica do Sul"},"content":{"rendered":"<p>O carioca Hugo Calderano n\u00e3o deu chances \u00e0 zebra ucraniana e conquistou o t\u00edtulo do WTT Contender de T\u00eanis de Mesa (World Table Tennis), disputado esta semana em Durban, na \u00c1frica do Sul. A final, realizada na manh\u00e3 deste\u00a0domingo\u00a0(15), colocou Calderano frente a frente com Yaroslav Zhmudenko, n\u00famero 145 do mundo. Hugo, 7\u00ba colocado no\u00a0<em>ranking<\/em>\u00a0mundial, n\u00e3o teve dificuldades para vencer por 4 a 0, parciais de 11\/4, 11\/5, 11\/2 e 11\/8.<img decoding=\"async\" src=\"https:\/\/agenciabrasil.ebc.com.br\/ebc.png?id=1504444&amp;o=node\" \/><img decoding=\"async\" src=\"https:\/\/agenciabrasil.ebc.com.br\/ebc.gif?id=1504444&amp;o=node\" \/><\/p>\n<p>O t\u00edtulo coroou uma campanha de alto n\u00edvel de Calderano na \u00c1frica do Sul. Ao todo, ele foi derrotado em apenas tr\u00eas dos 19\u00a0<em>sets<\/em>\u00a0que disputou. Na carreira, ele tem agora tr\u00eas t\u00edtulos do circuito Contender da WTT: al\u00e9m do que conquistou neste\u00a0domingo, tamb\u00e9m venceu em 2021 em Doha, no Catar, e no ano passado em T\u00fanis, na Tun\u00edsia, em um torneio Star Contender.<\/p>\n<p>Agora, o brasileiro tem como pr\u00f3ximo compromisso justamente a edi\u00e7\u00e3o 2023 do WTT de Doha, que est\u00e1 marcado para come\u00e7ar ainda hoje\u00a0e ir\u00e1\u00a0at\u00e9\u00a0s\u00e1bado\u00a0(21). Dois compatriotas de Calderano tamb\u00e9m estar\u00e3o na disputa: Vitor Ishiy, n\u00famero 66 do mundo entre os homens, e Bruna Takahashi, a 23\u00aa melhor do\u00a0<em>ranking<\/em>\u00a0mundial entre as mulheres.<\/p>\n<p>Veja o\u00a0<a href=\"https:\/\/twitter.com\/timebrasil\/status\/1614635496096899073\" target=\"_blank\" rel=\"noopener\">\u00faltimo ponto<\/a>\u00a0da partida que deu o t\u00edtulo a Calderano neste\u00a0domingo.<\/p>\n<p><span style=\"font-weight: 400;\">Fonte: Ag\u00eancia Brasil<\/span><\/p>\n","protected":false},"excerpt":{"rendered":"<p>O carioca Hugo Calderano n\u00e3o deu chances \u00e0 zebra ucraniana e conquistou o t\u00edtulo do WTT Contender de T\u00eanis de Mesa (World Table Tennis), disputado esta semana em Durban, na \u00c1frica do Sul. A final, realizada na manh\u00e3 deste\u00a0domingo\u00a0(15), colocou Calderano frente a frente com Yaroslav Zhmudenko, n\u00famero 145 do mundo. Hugo, 7\u00ba colocado no\u00a0ranking\u00a0mundial, [&hellip;]<\/p>\n","protected":false},"author":246,"featured_media":209125,"comment_status":"closed","ping_status":"closed","sticky":false,"template":"","format":"standard","meta":{"footnotes":""},"categories":[436,257,439],"tags":[],"class_list":["post-209124","post","type-post","status-publish","format-standard","has-post-thumbnail","hentry","category-destaque-da-semana","category-esporte","category-ultima-hora"],"_links":{"self":[{"href":"https:\/\/diarioregionaldigital.com.br\/index.php?rest_route=\/wp\/v2\/posts\/209124","targetHints":{"allow":["GET"]}}],"collection":[{"href":"https:\/\/diarioregionaldigital.com.br\/index.php?rest_route=\/wp\/v2\/posts"}],"about":[{"href":"https:\/\/diarioregionaldigital.com.br\/index.php?rest_route=\/wp\/v2\/types\/post"}],"author":[{"embeddable":true,"href":"https:\/\/diarioregionaldigital.com.br\/index.php?rest_route=\/wp\/v2\/users\/246"}],"replies":[{"embeddable":true,"href":"https:\/\/diarioregionaldigital.com.br\/index.php?rest_route=%2Fwp%2Fv2%2Fcomments&post=209124"}],"version-history":[{"count":1,"href":"https:\/\/diarioregionaldigital.com.br\/index.php?rest_route=\/wp\/v2\/posts\/209124\/revisions"}],"predecessor-version":[{"id":209126,"href":"https:\/\/diarioregionaldigital.com.br\/index.php?rest_route=\/wp\/v2\/posts\/209124\/revisions\/209126"}],"wp:featuredmedia":[{"embeddable":true,"href":"https:\/\/diarioregionaldigital.com.br\/index.php?rest_route=\/wp\/v2\/media\/209125"}],"wp:attachment":[{"href":"https:\/\/diarioregionaldigital.com.br\/index.php?rest_route=%2Fwp%2Fv2%2Fmedia&parent=209124"}],"wp:term":[{"taxonomy":"category","embeddable":true,"href":"https:\/\/diarioregionaldigital.com.br\/index.php?rest_route=%2Fwp%2Fv2%2Fcategories&post=209124"},{"taxonomy":"post_tag","embeddable":true,"href":"https:\/\/diarioregionaldigital.com.br\/index.php?rest_route=%2Fwp%2Fv2%2Ftags&post=209124"}],"curies":[{"name":"wp","href":"https:\/\/api.w.org\/{rel}","templated":true}]}}