{"id":209121,"date":"2023-01-16T22:06:05","date_gmt":"2023-01-17T01:06:05","guid":{"rendered":"https:\/\/diarioregionaldigital.com.br\/?p=209121"},"modified":"2023-01-16T22:06:05","modified_gmt":"2023-01-17T01:06:05","slug":"aberto-da-australia-laura-pigossi-e-thiago-monteiro-caem-na-estreia","status":"publish","type":"post","link":"https:\/\/diarioregionaldigital.com.br\/?p=209121","title":{"rendered":"Aberto da Austr\u00e1lia: Laura Pigossi e Thiago Monteiro caem na estreia"},"content":{"rendered":"<p>O dia n\u00e3o foi bom para os tenistas Laura Pigossi e Thiago Monteiro, os primeiros brasileiros a estrearem na disputa de simples do Aberto da Austr\u00e1lia, em Melbourne. A paulista de 28 anos foi superada, logo na primeira rodada, pela norte-americana Caty McNally, por 2 sets a 0 (parciais de de 7\/5 6\/1). Pigossi, n\u00famero 112 no ranking mundial da WTA, ganhou a chance de competir na chave principal do Grand Slam como\u00a0<em>lucky-loser<\/em>, ap\u00f3s a desist\u00eancia da espanhola Paula Badosa (11\u00aa), que desistiu do torneio devido a uma les\u00e3o.<img decoding=\"async\" src=\"https:\/\/agenciabrasil.ebc.com.br\/ebc.png?id=1504555&amp;o=node\" \/><img decoding=\"async\" src=\"https:\/\/agenciabrasil.ebc.com.br\/ebc.gif?id=1504555&amp;o=node\" \/><\/p>\n<p>No masculino, o cearense Thiago Monteiro (77\u00ba no ranking da ATP), tamb\u00e9m se despediu precocemente da disputa de simples ao perder o primeiro duelo para o franc\u00eas Constant Lestienne (55\u00ba no ranking da ATP), por 3 sets a 0, parciais de 6\/3 7\/6(2) 6\/3.<\/p>\n<p>&#8220;Fiquei decepcionado com a atua\u00e7\u00e3o. Agora \u00e9 momento de buscar sair desse sentimento e me reerguer, tenho uma temporada toda pela frente\u201d, disse o cearense, ap\u00f3s o jogo.<\/p>\n<p>Monteiro, de 28 anos, volta \u00e0 quadra nesta ter\u00e7a-feira (17) para a estreia nas duplas, ao lado do espanhol Pedro Mart\u00ednez. Os advers\u00e1rios ser\u00e3o os sul-africanos Lloyd Harris e Raven Klaasen.<\/p>\n<h2>Mais estreias do Brasil<\/h2>\n<p>A paulista Beatriz Haddad, n\u00famero 15 do mundo, enfrenta a espanhola Nuria Parrizas Diaz (75\u00aa) nas primeiras horas desta ter\u00e7a (17) &#8211; a partida ser\u00e1 a \u00faltima da primeira rodada que come\u00e7a \u00e0s 21h (hor\u00e1rio de Bras\u00edlia) de hoje (16). Na sequ\u00eancia, Bia disputar\u00e1 a primeira rodada de duplas, ao lado da chinesa Shuai Zhang. As advers\u00e1rias ser\u00e3o a canadense Leylah Fernandez e a norte-americana Bethanie Mattek-Sands.<\/p>\n<p>No masculino, al\u00e9m da dupla de Thiago Monteiro, outras tr\u00eas disputam a primeira rodada a partir das 21h de ter\u00e7a (17). O mineiro Marcelo Demoliner e o italiano Andrea Vavassori encaram os belgas Joran Vliegen e Sander Gille. A parceria do ga\u00facho Rafael Matos com o espanhol David Vega Hern\u00e1ndez mede for\u00e7as com a dupla do monegascos Hugo Nys com o polon\u00eas Jan Zielinski. O primeiro duelo da dupla do mineiro Marcelo Melo com o norte-americano Mackenzie McDonald ser\u00e1 com o croata Ivan Dodig e o norte-americano Austin Krajicek.<\/p>\n<p>Na noite de quarta (18) a dupla da campinense Luisa Stefani &#8211;\u00a0<a href=\"https:\/\/agenciabrasil.ebc.com.br\/esportes\/noticia\/2023-01\/stefani-fatura-torneio-de-adelaide-seu-1o-titulo-de-duplas-em-2023\">rec\u00e9m-campe\u00e3 de duplas do ATP de Adelaide<\/a>\u00a0&#8211; com a norte-americana Caty McNally\u00a0faz sua estreia no Aberto da Austr\u00e1lia contra as donas da casa Astra Sharma e Jaimee Fourti.<\/p>\n<p>Fonte: Ag\u00eancia Brasil<\/p>\n","protected":false},"excerpt":{"rendered":"<p>O dia n\u00e3o foi bom para os tenistas Laura Pigossi e Thiago Monteiro, os primeiros brasileiros a estrearem na disputa de simples do Aberto da Austr\u00e1lia, em Melbourne. A paulista de 28 anos foi superada, logo na primeira rodada, pela norte-americana Caty McNally, por 2 sets a 0 (parciais de de 7\/5 6\/1). Pigossi, n\u00famero [&hellip;]<\/p>\n","protected":false},"author":246,"featured_media":209122,"comment_status":"closed","ping_status":"closed","sticky":false,"template":"","format":"standard","meta":{"footnotes":""},"categories":[436,257,439],"tags":[],"class_list":["post-209121","post","type-post","status-publish","format-standard","has-post-thumbnail","hentry","category-destaque-da-semana","category-esporte","category-ultima-hora"],"_links":{"self":[{"href":"https:\/\/diarioregionaldigital.com.br\/index.php?rest_route=\/wp\/v2\/posts\/209121","targetHints":{"allow":["GET"]}}],"collection":[{"href":"https:\/\/diarioregionaldigital.com.br\/index.php?rest_route=\/wp\/v2\/posts"}],"about":[{"href":"https:\/\/diarioregionaldigital.com.br\/index.php?rest_route=\/wp\/v2\/types\/post"}],"author":[{"embeddable":true,"href":"https:\/\/diarioregionaldigital.com.br\/index.php?rest_route=\/wp\/v2\/users\/246"}],"replies":[{"embeddable":true,"href":"https:\/\/diarioregionaldigital.com.br\/index.php?rest_route=%2Fwp%2Fv2%2Fcomments&post=209121"}],"version-history":[{"count":1,"href":"https:\/\/diarioregionaldigital.com.br\/index.php?rest_route=\/wp\/v2\/posts\/209121\/revisions"}],"predecessor-version":[{"id":209123,"href":"https:\/\/diarioregionaldigital.com.br\/index.php?rest_route=\/wp\/v2\/posts\/209121\/revisions\/209123"}],"wp:featuredmedia":[{"embeddable":true,"href":"https:\/\/diarioregionaldigital.com.br\/index.php?rest_route=\/wp\/v2\/media\/209122"}],"wp:attachment":[{"href":"https:\/\/diarioregionaldigital.com.br\/index.php?rest_route=%2Fwp%2Fv2%2Fmedia&parent=209121"}],"wp:term":[{"taxonomy":"category","embeddable":true,"href":"https:\/\/diarioregionaldigital.com.br\/index.php?rest_route=%2Fwp%2Fv2%2Fcategories&post=209121"},{"taxonomy":"post_tag","embeddable":true,"href":"https:\/\/diarioregionaldigital.com.br\/index.php?rest_route=%2Fwp%2Fv2%2Ftags&post=209121"}],"curies":[{"name":"wp","href":"https:\/\/api.w.org\/{rel}","templated":true}]}}