{"id":209118,"date":"2023-01-16T21:46:54","date_gmt":"2023-01-17T00:46:54","guid":{"rendered":"https:\/\/diarioregionaldigital.com.br\/?p=209118"},"modified":"2023-01-16T21:46:54","modified_gmt":"2023-01-17T00:46:54","slug":"marina-silva-e-haddad-vao-representar-o-brasil-em-forum-economico","status":"publish","type":"post","link":"https:\/\/diarioregionaldigital.com.br\/?p=209118","title":{"rendered":"Marina Silva e Haddad v\u00e3o representar o Brasil em F\u00f3rum Econ\u00f4mico"},"content":{"rendered":"<p>O governo brasileiro enviar\u00e1 os ministros Fernando Haddad (Fazenda) e Marina Silva (Meio Ambiente e Mudan\u00e7a do Clima) para o encontro anual do F\u00f3rum Econ\u00f4mico Mundial, que ser\u00e1 realizado entre os dias 16 e\u00a020 de janeiro, em Davos, na Su\u00ed\u00e7a. Ambos embarcam para a Europa neste fim de semana.<img decoding=\"async\" src=\"https:\/\/agenciabrasil.ebc.com.br\/ebc.png?id=1504294&amp;o=node\" \/><img decoding=\"async\" src=\"https:\/\/agenciabrasil.ebc.com.br\/ebc.gif?id=1504294&amp;o=node\" \/><\/p>\n<p>O tema desse ano do F\u00f3rum de Davos \u00e9 coopera\u00e7\u00e3o em um mundo fragmentado. O evento deve reunir 2,7 mil l\u00edderes internacionais de 130 pa\u00edses. S\u00e3o esperados tamb\u00e9m 52 chefes de Estado e de governo. O presidente Luiz In\u00e1cio Lula da Silva decidiu n\u00e3o participar do encontro esse ano. A primeira viagem internacional do presidente ser\u00e1 nos dias 23 e 24, para a Argentina.<\/p>\n<p>Al\u00e9m de l\u00edderes e representantes de governo, o F\u00f3rum Econ\u00f4mico Mundial re\u00fane CEOs de grandes empresas, investidores e outros agentes econ\u00f4micos. Segundo o Minist\u00e9rio da Fazenda, que n\u00e3o divulgou detalhes sobre a agenda de encontros bilaterais de Haddad, o foco da participa\u00e7\u00e3o \u00e9 enviar uma mensagem de que o Brasil \u00e9 um ator internacional central para os desafios econ\u00f4micos globais.<\/p>\n<p>Na vis\u00e3o do governo brasileiro, a presen\u00e7a de Marina Silva tamb\u00e9m sinaliza que as reformas econ\u00f4micas caminham junto com os objetivos de sustentabilidade, que est\u00e1 no topo das preocupa\u00e7\u00f5es geopol\u00edticas atuais. Os dois ministros brasileiros devem participar de uma atividade conjunta em Davos.<\/p>\n<p>A comitiva de Haddad contar\u00e1 com a participa\u00e7\u00e3o da secret\u00e1ria de Assuntos Internacionais do Minist\u00e9rio da Fazenda, Tatiana Rosito, e do assessor especial Mathias Alencastro, que tamb\u00e9m atua na \u00e1rea internacional da pasta. O Minist\u00e9rio do Meio Ambiente e Mudan\u00e7a do Clima n\u00e3o informou quem acompanhar\u00e1 Marina Silva nem a agenda de encontros da ministra em Davos.<\/p>\n<p><span style=\"font-weight: 400;\"><br \/>\n<\/span><span style=\"font-weight: 400;\">Fonte: Ag\u00eancia Brasil<\/span><\/p>\n","protected":false},"excerpt":{"rendered":"<p>O governo brasileiro enviar\u00e1 os ministros Fernando Haddad (Fazenda) e Marina Silva (Meio Ambiente e Mudan\u00e7a do Clima) para o encontro anual do F\u00f3rum Econ\u00f4mico Mundial, que ser\u00e1 realizado entre os dias 16 e\u00a020 de janeiro, em Davos, na Su\u00ed\u00e7a. Ambos embarcam para a Europa neste fim de semana. O tema desse ano do F\u00f3rum [&hellip;]<\/p>\n","protected":false},"author":246,"featured_media":209119,"comment_status":"closed","ping_status":"closed","sticky":false,"template":"","format":"standard","meta":{"footnotes":""},"categories":[436,254,439],"tags":[],"class_list":["post-209118","post","type-post","status-publish","format-standard","has-post-thumbnail","hentry","category-destaque-da-semana","category-politica","category-ultima-hora"],"_links":{"self":[{"href":"https:\/\/diarioregionaldigital.com.br\/index.php?rest_route=\/wp\/v2\/posts\/209118","targetHints":{"allow":["GET"]}}],"collection":[{"href":"https:\/\/diarioregionaldigital.com.br\/index.php?rest_route=\/wp\/v2\/posts"}],"about":[{"href":"https:\/\/diarioregionaldigital.com.br\/index.php?rest_route=\/wp\/v2\/types\/post"}],"author":[{"embeddable":true,"href":"https:\/\/diarioregionaldigital.com.br\/index.php?rest_route=\/wp\/v2\/users\/246"}],"replies":[{"embeddable":true,"href":"https:\/\/diarioregionaldigital.com.br\/index.php?rest_route=%2Fwp%2Fv2%2Fcomments&post=209118"}],"version-history":[{"count":1,"href":"https:\/\/diarioregionaldigital.com.br\/index.php?rest_route=\/wp\/v2\/posts\/209118\/revisions"}],"predecessor-version":[{"id":209120,"href":"https:\/\/diarioregionaldigital.com.br\/index.php?rest_route=\/wp\/v2\/posts\/209118\/revisions\/209120"}],"wp:featuredmedia":[{"embeddable":true,"href":"https:\/\/diarioregionaldigital.com.br\/index.php?rest_route=\/wp\/v2\/media\/209119"}],"wp:attachment":[{"href":"https:\/\/diarioregionaldigital.com.br\/index.php?rest_route=%2Fwp%2Fv2%2Fmedia&parent=209118"}],"wp:term":[{"taxonomy":"category","embeddable":true,"href":"https:\/\/diarioregionaldigital.com.br\/index.php?rest_route=%2Fwp%2Fv2%2Fcategories&post=209118"},{"taxonomy":"post_tag","embeddable":true,"href":"https:\/\/diarioregionaldigital.com.br\/index.php?rest_route=%2Fwp%2Fv2%2Ftags&post=209118"}],"curies":[{"name":"wp","href":"https:\/\/api.w.org\/{rel}","templated":true}]}}