{"id":209115,"date":"2023-01-16T21:39:55","date_gmt":"2023-01-17T00:39:55","guid":{"rendered":"https:\/\/diarioregionaldigital.com.br\/?p=209115"},"modified":"2023-01-16T21:39:55","modified_gmt":"2023-01-17T00:39:55","slug":"justica-do-rio-nega-mais-um-pedido-de-liberdade-a-dr-jairinho","status":"publish","type":"post","link":"https:\/\/diarioregionaldigital.com.br\/?p=209115","title":{"rendered":"Justi\u00e7a do Rio nega mais um pedido de liberdade a Dr. Jairinho"},"content":{"rendered":"<p>A Justi\u00e7a do Rio de Janeiro negou mais um pedido de\u00a0<em>habeas corpus\u00a0<\/em>do ex-vereador Jairo de Souza Santos Junior, o Dr. Jairinho, preso desde o dia 8 de mar\u00e7o de 2021, acusado da morte do menino Henry Borel, \u00e0 \u00e9poca com 4 anos de idade. A m\u00e3e de Henry, Monique Medeiros de Almeida, que era companheira de Jairinho, tamb\u00e9m responde pelo crime de homic\u00eddio.<img decoding=\"async\" src=\"https:\/\/agenciabrasil.ebc.com.br\/ebc.png?id=1504602&amp;o=node\" \/><img decoding=\"async\" src=\"https:\/\/agenciabrasil.ebc.com.br\/ebc.gif?id=1504602&amp;o=node\" \/><\/p>\n<p>Laudo da necr\u00f3psia do Instituto M\u00e9dico-Legal (IML) diz que o menino morreu em consequ\u00eancia de hemorragia interna por lacera\u00e7\u00e3o hep\u00e1tica por a\u00e7\u00e3o contundente, Os exames apontaram 23 les\u00f5es no corpo da crian\u00e7a.<\/p>\n<p>A decis\u00e3o \u00e9 do relator da 7\u00aa C\u00e2mara Criminal do Tribunal de Justi\u00e7a, desembargador Joaquim Domingos de Almeida Neto.<\/p>\n<p>No pedido, a defesa de Jairinho alegou que, na senten\u00e7a de pron\u00fancia, a pris\u00e3o preventiva dele foi mantida de forma ilegal e que o decreto que a estabeleceu carece de fundamenta\u00e7\u00e3o id\u00f4nea, pois foi fundamentado em aspectos que dizem respeito ao m\u00e9rito do caso penal, o que n\u00e3o tem sentido cautelar.<\/p>\n<p>Ao negar o pedido, entretanto, o desembargador Almeida Neto disse que a decis\u00e3o est\u00e1 suficientemente fundamentada.<\/p>\n<p>O m\u00e9rito do pedido de liminar em favor de Jairinho ser\u00e1 apreciado pelo Colegiado da 7\u00aa C\u00e2mara Criminal do Tribunal de Justi\u00e7a, no dia 7 de mar\u00e7o deste ano.<\/p>\n<p><span style=\"font-weight: 400;\">Fonte: Ag\u00eancia Brasil<\/span><\/p>\n","protected":false},"excerpt":{"rendered":"<p>A Justi\u00e7a do Rio de Janeiro negou mais um pedido de\u00a0habeas corpus\u00a0do ex-vereador Jairo de Souza Santos Junior, o Dr. Jairinho, preso desde o dia 8 de mar\u00e7o de 2021, acusado da morte do menino Henry Borel, \u00e0 \u00e9poca com 4 anos de idade. A m\u00e3e de Henry, Monique Medeiros de Almeida, que era companheira [&hellip;]<\/p>\n","protected":false},"author":246,"featured_media":209116,"comment_status":"closed","ping_status":"closed","sticky":false,"template":"","format":"standard","meta":{"footnotes":""},"categories":[436,254,439],"tags":[],"class_list":["post-209115","post","type-post","status-publish","format-standard","has-post-thumbnail","hentry","category-destaque-da-semana","category-politica","category-ultima-hora"],"_links":{"self":[{"href":"https:\/\/diarioregionaldigital.com.br\/index.php?rest_route=\/wp\/v2\/posts\/209115","targetHints":{"allow":["GET"]}}],"collection":[{"href":"https:\/\/diarioregionaldigital.com.br\/index.php?rest_route=\/wp\/v2\/posts"}],"about":[{"href":"https:\/\/diarioregionaldigital.com.br\/index.php?rest_route=\/wp\/v2\/types\/post"}],"author":[{"embeddable":true,"href":"https:\/\/diarioregionaldigital.com.br\/index.php?rest_route=\/wp\/v2\/users\/246"}],"replies":[{"embeddable":true,"href":"https:\/\/diarioregionaldigital.com.br\/index.php?rest_route=%2Fwp%2Fv2%2Fcomments&post=209115"}],"version-history":[{"count":1,"href":"https:\/\/diarioregionaldigital.com.br\/index.php?rest_route=\/wp\/v2\/posts\/209115\/revisions"}],"predecessor-version":[{"id":209117,"href":"https:\/\/diarioregionaldigital.com.br\/index.php?rest_route=\/wp\/v2\/posts\/209115\/revisions\/209117"}],"wp:featuredmedia":[{"embeddable":true,"href":"https:\/\/diarioregionaldigital.com.br\/index.php?rest_route=\/wp\/v2\/media\/209116"}],"wp:attachment":[{"href":"https:\/\/diarioregionaldigital.com.br\/index.php?rest_route=%2Fwp%2Fv2%2Fmedia&parent=209115"}],"wp:term":[{"taxonomy":"category","embeddable":true,"href":"https:\/\/diarioregionaldigital.com.br\/index.php?rest_route=%2Fwp%2Fv2%2Fcategories&post=209115"},{"taxonomy":"post_tag","embeddable":true,"href":"https:\/\/diarioregionaldigital.com.br\/index.php?rest_route=%2Fwp%2Fv2%2Ftags&post=209115"}],"curies":[{"name":"wp","href":"https:\/\/api.w.org\/{rel}","templated":true}]}}