{"id":209112,"date":"2023-01-16T21:35:31","date_gmt":"2023-01-17T00:35:31","guid":{"rendered":"https:\/\/diarioregionaldigital.com.br\/?p=209112"},"modified":"2023-01-16T21:35:31","modified_gmt":"2023-01-17T00:35:31","slug":"stf-nega-liberdade-a-presos-apos-atos-de-8-de-janeiro","status":"publish","type":"post","link":"https:\/\/diarioregionaldigital.com.br\/?p=209112","title":{"rendered":"STF nega liberdade a presos ap\u00f3s atos de 8 de janeiro"},"content":{"rendered":"<p>O ministro Ricardo Lewandowski, do Supremo Tribunal Federal (STF), negou hoje (16) dois pedidos de liberdade a presos ap\u00f3s os atos antidemocr\u00e1ticos de\u00a08 de janeiro.<img decoding=\"async\" src=\"https:\/\/agenciabrasil.ebc.com.br\/ebc.png?id=1504591&amp;o=node\" \/><img decoding=\"async\" src=\"https:\/\/agenciabrasil.ebc.com.br\/ebc.gif?id=1504591&amp;o=node\" \/><\/p>\n<p>O ministro rejeitou a liberta\u00e7\u00e3o por quest\u00f5es processuais. Citando jurisprud\u00eancia da Corte, Lewandowski entendeu que n\u00e3o pode julgar, por meio de\u00a0<em>habeas corpus<\/em>,\u00a0a\u00a0decis\u00e3o do ministro Alexandre de Moraes que determinou a pris\u00e3o de todas pessoas que estavam no acompanhamento instalado no quartel do Ex\u00e9rcito em Bras\u00edlia no dia dos ataques.<\/p>\n<p>Os pedidos de liberdade foram protocolados pela defesa do empres\u00e1rio Eduardo Zeferino Englert, de Santa Maria (RS). Os advogados alegaram que ele n\u00e3o tem rela\u00e7\u00e3o com o financiamento dos atos, pagou sua passagem de \u00f4nibus com os pr\u00f3prios recursos para participar pacificamente da manifesta\u00e7\u00e3o e chegou em Bras\u00edlia ap\u00f3s os atos de vandalismo.<\/p>\n<p>A advogada de Francisca Elisete Cavalcante Farias disse que ela estava no acampamento em frente ao quartel, ma somente participou de atividades religiosas e n\u00e3o esteve na Esplanada dos Minist\u00e9rios.<\/p>\n<p>Mais cedo, a corregedoria do Conselho Nacional de Justi\u00e7a (CNJ) informou que deve concluir\u00a0hoje\u00a0as audi\u00eancias de cust\u00f3dia dos mais de mil presos acusados de participa\u00e7\u00e3o nos atos.<\/p>\n<p>Conforme o \u00faltimo levantamento divulgado pelo conselho, 1.418 pessoas foram presas. Elas foram encaminhadas para o pres\u00eddio da Papuda e \u00e0 penitenci\u00e1ria feminina da Colmeia, ambos no Distrito Federal.<\/p>\n<p><span style=\"font-weight: 400;\">Fonte: Ag\u00eancia Brasil<\/span><\/p>\n","protected":false},"excerpt":{"rendered":"<p>O ministro Ricardo Lewandowski, do Supremo Tribunal Federal (STF), negou hoje (16) dois pedidos de liberdade a presos ap\u00f3s os atos antidemocr\u00e1ticos de\u00a08 de janeiro. O ministro rejeitou a liberta\u00e7\u00e3o por quest\u00f5es processuais. Citando jurisprud\u00eancia da Corte, Lewandowski entendeu que n\u00e3o pode julgar, por meio de\u00a0habeas corpus,\u00a0a\u00a0decis\u00e3o do ministro Alexandre de Moraes que determinou a [&hellip;]<\/p>\n","protected":false},"author":246,"featured_media":209113,"comment_status":"closed","ping_status":"closed","sticky":false,"template":"","format":"standard","meta":{"footnotes":""},"categories":[436,254,439],"tags":[],"class_list":["post-209112","post","type-post","status-publish","format-standard","has-post-thumbnail","hentry","category-destaque-da-semana","category-politica","category-ultima-hora"],"_links":{"self":[{"href":"https:\/\/diarioregionaldigital.com.br\/index.php?rest_route=\/wp\/v2\/posts\/209112","targetHints":{"allow":["GET"]}}],"collection":[{"href":"https:\/\/diarioregionaldigital.com.br\/index.php?rest_route=\/wp\/v2\/posts"}],"about":[{"href":"https:\/\/diarioregionaldigital.com.br\/index.php?rest_route=\/wp\/v2\/types\/post"}],"author":[{"embeddable":true,"href":"https:\/\/diarioregionaldigital.com.br\/index.php?rest_route=\/wp\/v2\/users\/246"}],"replies":[{"embeddable":true,"href":"https:\/\/diarioregionaldigital.com.br\/index.php?rest_route=%2Fwp%2Fv2%2Fcomments&post=209112"}],"version-history":[{"count":1,"href":"https:\/\/diarioregionaldigital.com.br\/index.php?rest_route=\/wp\/v2\/posts\/209112\/revisions"}],"predecessor-version":[{"id":209114,"href":"https:\/\/diarioregionaldigital.com.br\/index.php?rest_route=\/wp\/v2\/posts\/209112\/revisions\/209114"}],"wp:featuredmedia":[{"embeddable":true,"href":"https:\/\/diarioregionaldigital.com.br\/index.php?rest_route=\/wp\/v2\/media\/209113"}],"wp:attachment":[{"href":"https:\/\/diarioregionaldigital.com.br\/index.php?rest_route=%2Fwp%2Fv2%2Fmedia&parent=209112"}],"wp:term":[{"taxonomy":"category","embeddable":true,"href":"https:\/\/diarioregionaldigital.com.br\/index.php?rest_route=%2Fwp%2Fv2%2Fcategories&post=209112"},{"taxonomy":"post_tag","embeddable":true,"href":"https:\/\/diarioregionaldigital.com.br\/index.php?rest_route=%2Fwp%2Fv2%2Ftags&post=209112"}],"curies":[{"name":"wp","href":"https:\/\/api.w.org\/{rel}","templated":true}]}}