{"id":209109,"date":"2023-01-16T21:30:23","date_gmt":"2023-01-17T00:30:23","guid":{"rendered":"https:\/\/diarioregionaldigital.com.br\/?p=209109"},"modified":"2023-01-16T21:30:23","modified_gmt":"2023-01-17T00:30:23","slug":"autoridades-discutem-reforco-da-seguranca-no-distrito-federal","status":"publish","type":"post","link":"https:\/\/diarioregionaldigital.com.br\/?p=209109","title":{"rendered":"Autoridades discutem refor\u00e7o da seguran\u00e7a no Distrito Federal"},"content":{"rendered":"<p>A seguran\u00e7a do Distrito Federal ser\u00e1 refor\u00e7ada no dia 1\u00ba de fevereiro para evitar que se repitam, no dia em que os poderes Legislativo e Judici\u00e1rio reiniciam os trabalhos, cenas como as registradas no \u00faltimo dia 8, quando v\u00e2ndalos e golpistas invadiram e destru\u00edram partes do Pal\u00e1cio do Planalto, do Congresso Nacional e do Supremo Tribunal Federal (STF).<img decoding=\"async\" src=\"https:\/\/agenciabrasil.ebc.com.br\/ebc.png?id=1504502&amp;o=node\" \/><img decoding=\"async\" src=\"https:\/\/agenciabrasil.ebc.com.br\/ebc.gif?id=1504502&amp;o=node\" \/><\/p>\n<p>O an\u00fancio foi feito hoje (16) pelo presidente da C\u00e2mara dos Deputados, Arthur Lira (PP-AL), a governadora em exerc\u00edcio do Distrito Federal, Celina Le\u00e3o, e o interventor federal na seguran\u00e7a da capital, Ricardo Cappelli.<\/p>\n<p>\u201cNossa preocupa\u00e7\u00e3o, agora, \u00e9 com a posse de 513 deputados e 81 senadores\u201d, disse Lira, ao final da visita que ele, Celina e Cappelli fizeram, nesta manh\u00e3, ao pr\u00e9dio da C\u00e2mara dos Deputados, onde funciona o Batalh\u00e3o da Pol\u00edcia Militar (PM) respons\u00e1vel pelo patrulhamento ostensivo na \u00e1rea da Pra\u00e7a dos Tr\u00eas Poderes.<\/p>\n<p>\u201cEntendo que todo o planejamento est\u00e1 sendo bem cuidado para n\u00e3o termos nenhuma surpresa e, com certeza, n\u00e3o haver\u00e1\u201d, acrescentou Lira, dando como certo o refor\u00e7o da seguran\u00e7a. A seu lado, Cappelli assentia com a cabe\u00e7a e a governadora em exerc\u00edcio acrescentava: \u201ccom certeza\u201d.<\/p>\n<p>\u201c[No Congresso Nacional] estaremos tratando da posse dos parlamentares, da elei\u00e7\u00e3o para as mesas do Congresso Nacional\u2026 Temos que ter clareza de que muitas pessoas v\u00e3o se deslocar de todos os lugares do Brasil para Bras\u00edlia e de que \u00e9 importante que estejamos atentos, com um plano de seguran\u00e7a preventivo bastante r\u00edgido\u201d, enfatizou Lira, argumentando que este ser\u00e1 um dia \u201cemblem\u00e1tico\u201d, principalmente ap\u00f3s as cenas de vandalismo e os ataques antidemocr\u00e1ticos \u00e0s sedes dos tr\u00eas poderes (Executivo, Legislativo e Judici\u00e1rio).<\/p>\n<p>A governadora em exerc\u00edcio, Celina Le\u00e3o, informou que as autoridades federais e distritais discutem outras medidas al\u00e9m do refor\u00e7o imediato da seguran\u00e7a p\u00fablica. Na \u00faltima sexta-feira (13), o ministro da Justi\u00e7a e Seguran\u00e7a P\u00fablica, Fl\u00e1vio Dino, disse que o governo federal estuda mudan\u00e7as em leis relativas \u00e0 seguran\u00e7a p\u00fablica e que algumas delas visam a \u201crefor\u00e7ar a autoridade do governo federal\u201d junto ao comando da seguran\u00e7a p\u00fablica no Distrito Federal.<\/p>\n<p>\u201cHoje, viemos conhecer as instala\u00e7\u00f5es deste batalh\u00e3o da PM para vermos a possibilidade de dobrar esse efetivo de forma imediata\u201d, disse Celina. Ela acrescentou que o governo do Distrito Federal estuda ampliar o efetivo do batalh\u00e3o dos atuais 248 policiais militares para pelo menos 500. \u201cNossa ideia inicial \u00e9 dar as condi\u00e7\u00f5es necess\u00e1rias e melhorar esta estrutura.\u201d<\/p>\n<p><span style=\"font-weight: 400;\">Fonte: Ag\u00eancia Brasil<\/span><\/p>\n","protected":false},"excerpt":{"rendered":"<p>A seguran\u00e7a do Distrito Federal ser\u00e1 refor\u00e7ada no dia 1\u00ba de fevereiro para evitar que se repitam, no dia em que os poderes Legislativo e Judici\u00e1rio reiniciam os trabalhos, cenas como as registradas no \u00faltimo dia 8, quando v\u00e2ndalos e golpistas invadiram e destru\u00edram partes do Pal\u00e1cio do Planalto, do Congresso Nacional e do Supremo [&hellip;]<\/p>\n","protected":false},"author":246,"featured_media":209110,"comment_status":"closed","ping_status":"closed","sticky":false,"template":"","format":"standard","meta":{"footnotes":""},"categories":[436,440,254,439],"tags":[],"class_list":["post-209109","post","type-post","status-publish","format-standard","has-post-thumbnail","hentry","category-destaque-da-semana","category-destaques-do-dia","category-politica","category-ultima-hora"],"_links":{"self":[{"href":"https:\/\/diarioregionaldigital.com.br\/index.php?rest_route=\/wp\/v2\/posts\/209109","targetHints":{"allow":["GET"]}}],"collection":[{"href":"https:\/\/diarioregionaldigital.com.br\/index.php?rest_route=\/wp\/v2\/posts"}],"about":[{"href":"https:\/\/diarioregionaldigital.com.br\/index.php?rest_route=\/wp\/v2\/types\/post"}],"author":[{"embeddable":true,"href":"https:\/\/diarioregionaldigital.com.br\/index.php?rest_route=\/wp\/v2\/users\/246"}],"replies":[{"embeddable":true,"href":"https:\/\/diarioregionaldigital.com.br\/index.php?rest_route=%2Fwp%2Fv2%2Fcomments&post=209109"}],"version-history":[{"count":1,"href":"https:\/\/diarioregionaldigital.com.br\/index.php?rest_route=\/wp\/v2\/posts\/209109\/revisions"}],"predecessor-version":[{"id":209111,"href":"https:\/\/diarioregionaldigital.com.br\/index.php?rest_route=\/wp\/v2\/posts\/209109\/revisions\/209111"}],"wp:featuredmedia":[{"embeddable":true,"href":"https:\/\/diarioregionaldigital.com.br\/index.php?rest_route=\/wp\/v2\/media\/209110"}],"wp:attachment":[{"href":"https:\/\/diarioregionaldigital.com.br\/index.php?rest_route=%2Fwp%2Fv2%2Fmedia&parent=209109"}],"wp:term":[{"taxonomy":"category","embeddable":true,"href":"https:\/\/diarioregionaldigital.com.br\/index.php?rest_route=%2Fwp%2Fv2%2Fcategories&post=209109"},{"taxonomy":"post_tag","embeddable":true,"href":"https:\/\/diarioregionaldigital.com.br\/index.php?rest_route=%2Fwp%2Fv2%2Ftags&post=209109"}],"curies":[{"name":"wp","href":"https:\/\/api.w.org\/{rel}","templated":true}]}}