{"id":209106,"date":"2023-01-16T21:20:23","date_gmt":"2023-01-17T00:20:23","guid":{"rendered":"https:\/\/diarioregionaldigital.com.br\/?p=209106"},"modified":"2023-01-16T21:20:23","modified_gmt":"2023-01-17T00:20:23","slug":"balanca-comercial-tem-superavit-de-us-618-bilhoes-em-2022","status":"publish","type":"post","link":"https:\/\/diarioregionaldigital.com.br\/?p=209106","title":{"rendered":"Balan\u00e7a comercial tem super\u00e1vit de US$ 61,8 bilh\u00f5es em 2022"},"content":{"rendered":"<p>O valor total exportado pelo Brasil em 2022 cresceu 19,1% e o valor importado foi 24,3% maior do que o registrado em 2021. Assim, o super\u00e1vit na balan\u00e7a comercial do pa\u00eds fechou o ano em US$ 61,8 bilh\u00f5es, um pouco superior aos US$ 61,4 bilh\u00f5es de 2021.<img decoding=\"async\" src=\"https:\/\/agenciabrasil.ebc.com.br\/ebc.png?id=1504501&amp;o=node\" \/><img decoding=\"async\" src=\"https:\/\/agenciabrasil.ebc.com.br\/ebc.gif?id=1504501&amp;o=node\" \/><\/p>\n<p>Os dados foram divulgados hoje (16), no Rio de Janeiro, pelo Instituto Brasileiro de Economia da Funda\u00e7\u00e3o Getulio Vargas (FGV\/Ibre), no Indicador de Com\u00e9rcio Externo (Icomex).<\/p>\n<p>Segundo a institui\u00e7\u00e3o, o saldo em novembro e em dezembro surpreendeu com a melhora das vendas para a China, com destaque para a agropecu\u00e1ria. O super\u00e1vit do setor extrativo caiu e o d\u00e9ficit da ind\u00fastria de transforma\u00e7\u00e3o aumentou.<\/p>\n<p>\u201cAs restri\u00e7\u00f5es da oferta agr\u00edcola associadas \u00e0 guerra na Ucr\u00e2nia e quest\u00f5es clim\u00e1ticas elevaram os pre\u00e7os agr\u00edcolas, pois o aumento no volume exportado foi 2,6% menor do que o da ind\u00fastria de transforma\u00e7\u00e3o. Na extrativa, pre\u00e7os e volume das exporta\u00e7\u00f5es recuaram com o desempenho do min\u00e9rio de ferro desfavor\u00e1vel. O d\u00e9ficit na ind\u00fastria de transforma\u00e7\u00e3o \u00e9 recorrente na balan\u00e7a comercial do Brasil desde 2009\u201d, informou a FGV\/Ibre.<\/p>\n<h2>Cen\u00e1rio mundial<\/h2>\n<p>Para este ano, o instituto projeta um menor crescimento da economia mundial, com taxa de expans\u00e3o do Brasil abaixo de 1% e redu\u00e7\u00e3o tanto nas exporta\u00e7\u00f5es como nas importa\u00e7\u00f5es.<\/p>\n<p>No cen\u00e1rio internacional, o crescimento mundial pode ser afetado positivamente pelo relaxamento da pol\u00edtica de covid zero na China, que projeta crescimento de 5% em 2023. Na Uni\u00e3o Europeia, a crise energ\u00e9tica pode levar a um menor crescimento.<\/p>\n<p>\u201cO pre\u00e7o do petr\u00f3leo ir\u00e1 continuar sendo afetado pelas quest\u00f5es geopol\u00edticas e a recupera\u00e7\u00e3o das exporta\u00e7\u00f5es da extrativa depende tamb\u00e9m da recupera\u00e7\u00e3o das vendas de min\u00e9rio de ferro para a China. No caso das manufaturas, a crise da Argentina n\u00e3o favorece o aumento das exporta\u00e7\u00f5es de maior valor adicionado do setor automotivo. Numa primeira leitura, o saldo comercial de 2023 dever\u00e1 ser menor que o de 2022\u201d, destacou a FGV\/Ibre.<\/p>\n<h2>Resultados<\/h2>\n<p>A principal contribui\u00e7\u00e3o para o aumento nos valores do com\u00e9rcio exterior foi a varia\u00e7\u00e3o dos pre\u00e7os, com aumento de 13,7% para as exporta\u00e7\u00f5es e de 21% nas importa\u00e7\u00f5es na compara\u00e7\u00e3o de 2022 em rela\u00e7\u00e3o a 2021. Em volume, a exporta\u00e7\u00e3o cresceu 4,4% e a importa\u00e7\u00e3o subiu 2,7%.<\/p>\n<p>A participa\u00e7\u00e3o das\u00a0<em>commodities<\/em>\u00a0(mercadorias) exportadas permaneceu a mesma com 68% do valor total e aumento de 13,9% dos pre\u00e7os e de 4,4% do volume. As n\u00e3o\u00a0<em>commodities<\/em>\u00a0variaram 13,5% em valores e 4,7% no volume.<\/p>\n<p>O \u00edndice de pre\u00e7os ficou em 130,2, queda de 6,7% em rela\u00e7\u00e3o a 2011. J\u00e1 o \u00edndice do volume exportado das\u00a0<em>commodities<\/em>\u00a0alcan\u00e7ou o pico em 2022, com aumento de 2,4% em rela\u00e7\u00e3o ao maior n\u00edvel anterior registrado em 2020: 180,2.<\/p>\n<p>Nas importa\u00e7\u00f5es, as\u00a0<em>commodities\u00a0<\/em>passaram de 8,5% para 11,7% na participa\u00e7\u00e3o do valor, com o crescimento dos pre\u00e7os de 47,9% entre 2021 e 2022. Em volume, a varia\u00e7\u00e3o foi de 15,3%. Para as n\u00e3o\u00a0<em>commodities<\/em>, as varia\u00e7\u00f5es foram de 18,3% nos pre\u00e7os e 1,4% no volume.<\/p>\n<p>Segundo o instituto, o aumento de pre\u00e7os das importa\u00e7\u00f5es de\u00a0<em>commodities<\/em>\u00a0foi o maior registrado na s\u00e9rie hist\u00f3rica, iniciada em 2008.<\/p>\n<p>\u201cA guerra na Ucr\u00e2nia, os efeitos clim\u00e1ticos nas lavouras e os gargalos herdados e ainda n\u00e3o totalmente superados da covid 19 explicam o aumento nos pre\u00e7os das importa\u00e7\u00f5es, o que impactou na infla\u00e7\u00e3o mundial e do Brasil\u201d, explicou a FGV\/Ibre.<\/p>\n<h2>Setores<\/h2>\n<p>Na avalia\u00e7\u00e3o da funda\u00e7\u00e3o, o valor adicionado da agropecu\u00e1ria deve diminuir no ano, afetando o crescimento do Produto Interno Bruto (PIB \u2013 a soma de todos os produtos e servi\u00e7os finais produzidos no pa\u00eds). Mas, segundo o instituto, o setor contribuiu positivamente para a balan\u00e7a comercial, com o saldo do setor passando de US$ 46,5 bilh\u00f5es para US$ 65,8 bilh\u00f5es entre 2021 e 2022.<\/p>\n<p>Na ind\u00fastria extrativa, houve queda do super\u00e1vit, que passou de US$ 63 bilh\u00f5es em 2021 para US$ 45,5 bilh\u00f5es em 2022. O setor foi o respons\u00e1vel por 22,8% das exporta\u00e7\u00f5es do pa\u00eds. A ind\u00fastria de transforma\u00e7\u00e3o ampliou o d\u00e9ficit de US$ 45,3 bilh\u00f5es para US$ 48,5 bilh\u00f5es, respondendo por 55,7% das exporta\u00e7\u00f5es brasileiras. A agropecu\u00e1ria correspondeu a 21,3%.<\/p>\n<p>Por setor, a agropecu\u00e1ria teve varia\u00e7\u00e3o de 34% nos pre\u00e7os e o volume cresceu 2,6%. Na ind\u00fastria de transforma\u00e7\u00e3o, os pre\u00e7os subiram 15,7% e o volume, 8%. Na ind\u00fastria extrativa, a queda registrada foi de 3,6% no pre\u00e7o e de 0,4% no volume.<\/p>\n<p>A soja permanece como o principal produto exportado, seguido do petr\u00f3leo bruto e o min\u00e9rio de ferro, apesar das vendas terem recuado em 35,3% com queda no pre\u00e7o e no volume.<\/p>\n<h2>Importa\u00e7\u00e3o<\/h2>\n<p>No ano, a ind\u00fastria de transforma\u00e7\u00e3o foi respons\u00e1vel por 86% das importa\u00e7\u00f5es brasileiras, seguida da extrativa (11,3%) e da agropecu\u00e1ria (2%). A extrativa teve alta de 79,6% em rela\u00e7\u00e3o a 2021, com o aumento nos pre\u00e7os de 75,1% e de 3,8% no volume.<\/p>\n<p>O FGV\/Ibre aponta que o resultado se deve \u00e0 compra de \u00f3leos brutos de petr\u00f3leo, que tiveram aumento de 148,2% no valor, devido ao aumento nos pre\u00e7os de 47,5%.<\/p>\n<p>A importa\u00e7\u00e3o de bens de capital na agropecu\u00e1ria subiu 54,2% em volume, indicando que o setor espera um melhor resultado para 2023 na safra. J\u00e1 na ind\u00fastria de transforma\u00e7\u00e3o, o volume de bens intermedi\u00e1rios importados desacelerou diante de uma expectativa de menor crescimento da demanda.<\/p>\n<h2>Mercados<\/h2>\n<p>Com rela\u00e7\u00e3o a mercados com os quais o Brasil mant\u00e9m rela\u00e7\u00f5es comerciais, o super\u00e1vit com a China teve queda de US$ 11,3 bilh\u00f5es na compara\u00e7\u00e3o com o ano anterior. O d\u00e9ficit com os Estados Unidos aumentou em US$ 5,7 bilh\u00f5es. Com isso, esses dois pa\u00edses contribu\u00edram para uma queda de US$ 17 bilh\u00f5es no saldo comercial de um ano passa o outro.<\/p>\n<p>Houve aumento de volume exportado para todos os mercados, exceto a China, que anotou queda de 2,8%, afetada pela diminui\u00e7\u00e3o no min\u00e9rio de ferro. J\u00e1 a carne bovina teve aumento de 81% nas exporta\u00e7\u00f5es para a China.<\/p>\n<p>Com rela\u00e7\u00e3o \u00e0 Argentina, o agravamento da crise no pa\u00eds e as restri\u00e7\u00f5es cambiais levaram a uma redu\u00e7\u00e3o de 22,1%. J\u00e1 para a Uni\u00e3o Europeia, houve crescimento das exporta\u00e7\u00f5es de 15,8% na compara\u00e7\u00e3o anual.<\/p>\n<p>Pelo volume importado, a China teve alta de 12,6% e Uni\u00e3o Europeia subiu 3,8%. Quanto a pre\u00e7os de importa\u00e7\u00f5es, os Estados Unidos subiram 33,1%, Uni\u00e3o Europeia, 19,6%, Argentina, 16,9% e China teve alta de 13,6%.<\/p>\n<p><span style=\"font-weight: 400;\">Fonte: Ag\u00eancia Brasil<\/span><\/p>\n","protected":false},"excerpt":{"rendered":"<p>O valor total exportado pelo Brasil em 2022 cresceu 19,1% e o valor importado foi 24,3% maior do que o registrado em 2021. Assim, o super\u00e1vit na balan\u00e7a comercial do pa\u00eds fechou o ano em US$ 61,8 bilh\u00f5es, um pouco superior aos US$ 61,4 bilh\u00f5es de 2021. Os dados foram divulgados hoje (16), no Rio [&hellip;]<\/p>\n","protected":false},"author":246,"featured_media":209107,"comment_status":"closed","ping_status":"closed","sticky":false,"template":"","format":"standard","meta":{"footnotes":""},"categories":[436,261,439],"tags":[],"class_list":["post-209106","post","type-post","status-publish","format-standard","has-post-thumbnail","hentry","category-destaque-da-semana","category-economia","category-ultima-hora"],"_links":{"self":[{"href":"https:\/\/diarioregionaldigital.com.br\/index.php?rest_route=\/wp\/v2\/posts\/209106","targetHints":{"allow":["GET"]}}],"collection":[{"href":"https:\/\/diarioregionaldigital.com.br\/index.php?rest_route=\/wp\/v2\/posts"}],"about":[{"href":"https:\/\/diarioregionaldigital.com.br\/index.php?rest_route=\/wp\/v2\/types\/post"}],"author":[{"embeddable":true,"href":"https:\/\/diarioregionaldigital.com.br\/index.php?rest_route=\/wp\/v2\/users\/246"}],"replies":[{"embeddable":true,"href":"https:\/\/diarioregionaldigital.com.br\/index.php?rest_route=%2Fwp%2Fv2%2Fcomments&post=209106"}],"version-history":[{"count":1,"href":"https:\/\/diarioregionaldigital.com.br\/index.php?rest_route=\/wp\/v2\/posts\/209106\/revisions"}],"predecessor-version":[{"id":209108,"href":"https:\/\/diarioregionaldigital.com.br\/index.php?rest_route=\/wp\/v2\/posts\/209106\/revisions\/209108"}],"wp:featuredmedia":[{"embeddable":true,"href":"https:\/\/diarioregionaldigital.com.br\/index.php?rest_route=\/wp\/v2\/media\/209107"}],"wp:attachment":[{"href":"https:\/\/diarioregionaldigital.com.br\/index.php?rest_route=%2Fwp%2Fv2%2Fmedia&parent=209106"}],"wp:term":[{"taxonomy":"category","embeddable":true,"href":"https:\/\/diarioregionaldigital.com.br\/index.php?rest_route=%2Fwp%2Fv2%2Fcategories&post=209106"},{"taxonomy":"post_tag","embeddable":true,"href":"https:\/\/diarioregionaldigital.com.br\/index.php?rest_route=%2Fwp%2Fv2%2Ftags&post=209106"}],"curies":[{"name":"wp","href":"https:\/\/api.w.org\/{rel}","templated":true}]}}