{"id":209103,"date":"2023-01-16T21:17:20","date_gmt":"2023-01-17T00:17:20","guid":{"rendered":"https:\/\/diarioregionaldigital.com.br\/?p=209103"},"modified":"2023-01-16T21:17:20","modified_gmt":"2023-01-17T00:17:20","slug":"brasil-tem-recados-politico-economico-e-ambiental-diz-haddad","status":"publish","type":"post","link":"https:\/\/diarioregionaldigital.com.br\/?p=209103","title":{"rendered":"Brasil tem recados pol\u00edtico, econ\u00f4mico e ambiental, diz Haddad"},"content":{"rendered":"<p>Ao chegar hoje (16) a Davos, na Su\u00ed\u00e7a, o ministro da Fazenda, Fernando Haddad, disse que leva tr\u00eas recados \u00e0 comunidade internacional \u2013 pol\u00edtico, econ\u00f4mico e ambiental \u2013, que s\u00e3o: respeito \u00e0 democracia, sustentabilidade fiscal com justi\u00e7a social e reindustrializa\u00e7\u00e3o com sustentabilidade ambiental.<img decoding=\"async\" src=\"https:\/\/agenciabrasil.ebc.com.br\/ebc.png?id=1504528&amp;o=node\" \/><img decoding=\"async\" src=\"https:\/\/agenciabrasil.ebc.com.br\/ebc.gif?id=1504528&amp;o=node\" \/><\/p>\n<p>\u201cRecado pol\u00edtico \u00e9 a quest\u00e3o democr\u00e1tica, o compromisso do Brasil de dar suporte para essas jornadas democr\u00e1ticas que o mundo est\u00e1 vivendo, sobretudo na Am\u00e9rica do Sul, e refor\u00e7ando o compromisso do Brasil com o combate a todos os tipos de extremismos\u201d, disse Haddad ao chegar ao hotel em que se hospedar\u00e1 em Davos, cidade su\u00ed\u00e7a que sedia o F\u00f3rum Econ\u00f4mico Mundial.<\/p>\n<p>Em seguida, ao comentar sobre o recado econ\u00f4mico, Haddad afirmou que \u201co modelo de economia que defendemos\u201d inclui a responsabilidade fiscal e social, indissoci\u00e1veis. No caso da agenda ambiental, Haddad destacou ter viajado junto com Marina Silva, ministra do Meio Ambiente, e que o objetivo \u00e9 ir al\u00e9m da retomada do compromisso com a redu\u00e7\u00e3o do desmatamento e o investimento em energias renov\u00e1veis.<\/p>\n<p>\u201cTamb\u00e9m na pauta do desenvolvimento, n\u00f3s podemos pensar na reindustrializa\u00e7\u00e3o do Brasil com base na sustentabilidade ambiental\u201d, disse o ministro. Ele tamb\u00e9m frisou o impacto simb\u00f3lico dos atos de vandalismo ocorridos em Bras\u00edlia no 8 de janeiro, quando as sedes do Executivo, Legislativo e Judici\u00e1rio ficaram destru\u00eddas. Para Haddad, a rapidez na resposta aos acontecimentos deu credibilidade ao pa\u00eds.<\/p>\n<p>\u201cA minha impress\u00e3o \u00e9 que as institui\u00e7\u00f5es brasileiras deram uma resposta muito imediata, o fato de que no dia seguinte j\u00e1 havia uma interven\u00e7\u00e3o na seguran\u00e7a do Distrito Federal, com o afastamento do governador, a visita em seguida dos 27 governadores a Bras\u00edlia\u201d avaliou o ministro. \u201cUma resposta muito r\u00e1pida, em 24 horas estava tudo sob controle\u201d.<\/p>\n<p>Ele acrescentou que a rea\u00e7\u00e3o das institui\u00e7\u00f5es foram \u201cuma demonstra\u00e7\u00e3o clara de que o Brasil tem compromisso com o resultado eleitoral, com as regras democr\u00e1ticas, com as liberdades individuais, respeitadas as garantias constitucionais\u201d.<\/p>\n<p>O ministro chegou a Davos um dia depois de Marina Silva, que embarcou no s\u00e1bado (14). Ambos t\u00eam uma agenda intensa durante o F\u00f3rum Econ\u00f4mico Mundial, evento que re\u00fane chefes de Estado, ministros e a comunidade de neg\u00f3cios nos pa\u00edses mais ricos do mundo. Eles participam de dois pain\u00e9is principais e t\u00eam mais de 50 convites de encontros bilaterais com lideran\u00e7as pol\u00edticas e financeiras. Um encontro com a m\u00eddia internacional est\u00e1 marcado para a pr\u00f3xima quarta-feira (18).<\/p>\n<p>Neste ano, o presidente Luiz In\u00e1cio Lula da Silva foi convidado para ocupar o palco principal do evento, mas declinou. Conforme j\u00e1 adiantado pelo Itamaraty, a primeira viagem internacional do mandat\u00e1rio ser\u00e1 para a Argentina, onde pretende lan\u00e7ar sua pr\u00f3pria mensagem simb\u00f3lica de valoriza\u00e7\u00e3o da integra\u00e7\u00e3o latino-americana.<\/p>\n<p>Confira\u00a0<a href=\"https:\/\/www.weforum.org\/events\/world-economic-forum-annual-meeting-2023\/programme\" target=\"_blank\" rel=\"noopener\">aqui<\/a>\u00a0a programa\u00e7\u00e3o completa da 53\u00aa\u00a0edi\u00e7\u00e3o do F\u00f3rum Econ\u00f4mico Mundial\u00a0de Davos, na Su\u00ed\u00e7a.\u00a0Com o tema\u00a0Coopera\u00e7\u00e3o em um Mundo Fragmentado, o evento ocorre at\u00e9\u00a020 de janeiro.<\/p>\n<p><span style=\"font-weight: 400;\">Fonte: Ag\u00eancia Brasil<\/span><span style=\"font-weight: 400;\"><br \/>\n<\/span><\/p>\n","protected":false},"excerpt":{"rendered":"<p>Ao chegar hoje (16) a Davos, na Su\u00ed\u00e7a, o ministro da Fazenda, Fernando Haddad, disse que leva tr\u00eas recados \u00e0 comunidade internacional \u2013 pol\u00edtico, econ\u00f4mico e ambiental \u2013, que s\u00e3o: respeito \u00e0 democracia, sustentabilidade fiscal com justi\u00e7a social e reindustrializa\u00e7\u00e3o com sustentabilidade ambiental. \u201cRecado pol\u00edtico \u00e9 a quest\u00e3o democr\u00e1tica, o compromisso do Brasil de dar [&hellip;]<\/p>\n","protected":false},"author":246,"featured_media":209104,"comment_status":"closed","ping_status":"closed","sticky":false,"template":"","format":"standard","meta":{"footnotes":""},"categories":[436,261,439],"tags":[],"class_list":["post-209103","post","type-post","status-publish","format-standard","has-post-thumbnail","hentry","category-destaque-da-semana","category-economia","category-ultima-hora"],"_links":{"self":[{"href":"https:\/\/diarioregionaldigital.com.br\/index.php?rest_route=\/wp\/v2\/posts\/209103","targetHints":{"allow":["GET"]}}],"collection":[{"href":"https:\/\/diarioregionaldigital.com.br\/index.php?rest_route=\/wp\/v2\/posts"}],"about":[{"href":"https:\/\/diarioregionaldigital.com.br\/index.php?rest_route=\/wp\/v2\/types\/post"}],"author":[{"embeddable":true,"href":"https:\/\/diarioregionaldigital.com.br\/index.php?rest_route=\/wp\/v2\/users\/246"}],"replies":[{"embeddable":true,"href":"https:\/\/diarioregionaldigital.com.br\/index.php?rest_route=%2Fwp%2Fv2%2Fcomments&post=209103"}],"version-history":[{"count":1,"href":"https:\/\/diarioregionaldigital.com.br\/index.php?rest_route=\/wp\/v2\/posts\/209103\/revisions"}],"predecessor-version":[{"id":209105,"href":"https:\/\/diarioregionaldigital.com.br\/index.php?rest_route=\/wp\/v2\/posts\/209103\/revisions\/209105"}],"wp:featuredmedia":[{"embeddable":true,"href":"https:\/\/diarioregionaldigital.com.br\/index.php?rest_route=\/wp\/v2\/media\/209104"}],"wp:attachment":[{"href":"https:\/\/diarioregionaldigital.com.br\/index.php?rest_route=%2Fwp%2Fv2%2Fmedia&parent=209103"}],"wp:term":[{"taxonomy":"category","embeddable":true,"href":"https:\/\/diarioregionaldigital.com.br\/index.php?rest_route=%2Fwp%2Fv2%2Fcategories&post=209103"},{"taxonomy":"post_tag","embeddable":true,"href":"https:\/\/diarioregionaldigital.com.br\/index.php?rest_route=%2Fwp%2Fv2%2Ftags&post=209103"}],"curies":[{"name":"wp","href":"https:\/\/api.w.org\/{rel}","templated":true}]}}